{"id":86359,"date":"2026-08-26T16:55:13","date_gmt":"2026-08-26T22:55:13","guid":{"rendered":"https:\/\/educacionenlinea.uic.mx\/blog\/?p=86359"},"modified":"2026-08-26T16:55:13","modified_gmt":"2026-08-26T22:55:13","slug":"psicoterapia-breve-enfoque-no-tiempo","status":"publish","type":"post","link":"https:\/\/educacionenlinea.uic.mx\/blog\/educacion-continua\/psicoterapia-breve-enfoque-no-tiempo\/","title":{"rendered":"Psicoterapia breve: por qu\u00e9 el cambio depende del enfoque, no del tiempo"},"content":{"rendered":"\n<p class=\"wp-block-paragraph\"><strong>La psicoterapia breve no es una versi\u00f3n corta de la terapia tradicional: es un modelo estructurado y focalizado donde el cambio depende del enfoque, no de la cantidad de sesiones. La investigaci\u00f3n cl\u00e1sica de Howard y colaboradores (1986) mostr\u00f3 que cerca del 50 % de los pacientes mejora de forma medible hacia la octava sesi\u00f3n.<\/strong><\/p>\n\n\n\n<p class=\"wp-block-paragraph\">Hay una escena que se repite en muchos consultorios: alguien llega convencido de que &#8220;esto va para largo&#8221;, de que sanar exige a\u00f1os de div\u00e1n. Detr\u00e1s de esa idea hay un supuesto raramente cuestionado: que la profundidad de un proceso terap\u00e9utico se mide en tiempo. La <strong>psicoterapia breve<\/strong> invita a mirar eso de otra manera. No promete atajos ni soluciones m\u00e1gicas; propone que, cuando el trabajo cl\u00ednico tiene un foco claro, el cambio puede empezar mucho antes de lo que solemos imaginar.<\/p>\n\n\n\n<p class=\"wp-block-paragraph\">La pregunta importa m\u00e1s all\u00e1 del consultorio. En un art\u00edculo publicado en la <a href=\"https:\/\/www.gacetamedicademexico.com\/files\/gmm_23_159_6_527-538.pdf\" target=\"_blank\" rel=\"noopener\">Gaceta M\u00e9dica de M\u00e9xico<\/a> por el doctor Medina-Mora y colaboradores (2023), para el a\u00f1o 2021 hab\u00eda <strong>18.1 millones de personas con alg\u00fan trastorno mental en M\u00e9xico<\/strong>, una cifra que creci\u00f3 <strong>15.4 % respecto a 2019<\/strong>. En un pa\u00eds con esa demanda (creciente), entender qu\u00e9 hace que una terapia funcione \u2014y no solo cu\u00e1nto dura\u2014 deja de ser una discusi\u00f3n solo acad\u00e9mica. <\/p>\n\n\n\n<figure class=\"wp-block-image size-large\"><img loading=\"lazy\" decoding=\"async\" width=\"1024\" height=\"768\" src=\"https:\/\/educacionenlinea.uic.mx\/blog\/wp-content\/uploads\/2026\/08\/Terapeuta-y-paciente-en-sesion-1024x768.png\" alt=\"Terapeuta y paciente en sesi\u00f3n de psicoterapia breve con enfoque focalizado\" class=\"wp-image-86366\" srcset=\"https:\/\/educacionenlinea.uic.mx\/blog\/wp-content\/uploads\/2026\/08\/Terapeuta-y-paciente-en-sesion-1024x768.png 1024w, https:\/\/educacionenlinea.uic.mx\/blog\/wp-content\/uploads\/2026\/08\/Terapeuta-y-paciente-en-sesion-300x225.png 300w, https:\/\/educacionenlinea.uic.mx\/blog\/wp-content\/uploads\/2026\/08\/Terapeuta-y-paciente-en-sesion-768x576.png 768w, https:\/\/educacionenlinea.uic.mx\/blog\/wp-content\/uploads\/2026\/08\/Terapeuta-y-paciente-en-sesion-400x300.png 400w, https:\/\/educacionenlinea.uic.mx\/blog\/wp-content\/uploads\/2026\/08\/Terapeuta-y-paciente-en-sesion.png 1448w\" sizes=\"auto, (max-width: 1024px) 100vw, 1024px\" \/><\/figure>\n\n\n\n<h2 class=\"wp-block-heading\">\u00bfQu\u00e9 es realmente la psicoterapia breve?<\/h2>\n\n\n\n<p class=\"wp-block-paragraph\">La psicoterapia breve es un conjunto de modelos cl\u00ednicos que trabajan con un <strong>foco delimitado<\/strong> y objetivos acordados desde las primeras sesiones. En lugar de explorar de forma abierta e indefinida, terapeuta y paciente definen juntos qu\u00e9 problema van a abordar y hacia d\u00f3nde quieren ir. Esa delimitaci\u00f3n no empobrece el trabajo: lo orienta.<\/p>\n\n\n\n<p class=\"wp-block-paragraph\">No existe un <strong>n\u00famero m\u00e1gico<\/strong> de sesiones. Distintas tradiciones la ubican en un rango que suele ir de unas pocas a poco m\u00e1s de veinte encuentros, seg\u00fan el modelo y la complejidad del caso. Lo revelador es cu\u00e1nto puede alcanzarse dentro de ese margen: se estima que en cerca del <strong>60 % de las demandas<\/strong> que llegan a servicios especializados, una intervenci\u00f3n breve (probablemente menos de diez sesiones) la atenci\u00f3n puede ser efectiva y suficiente. <\/p>\n\n\n\n<p class=\"wp-block-paragraph\">Lo &#8220;breve&#8221;, entonces, no es un descuento. Es una <strong>decisi\u00f3n cl\u00ednica<\/strong> sobre c\u00f3mo concentrar el trabajo.<\/p>\n\n\n\n<h2 class=\"wp-block-heading\">El malentendido del tiempo: qu\u00e9 dice la evidencia<\/h2>\n\n\n\n<p class=\"wp-block-paragraph\">La idea de que m\u00e1s tiempo equivale a mejores resultados choca con lo que la investigaci\u00f3n ha documentado durante d\u00e9cadas. El estudio de Howard, Kopta, Krause y Orlinsky (<a href=\"https:\/\/i-cbt.org.ua\/wp-content\/uploads\/2017\/11\/Howard-dose_effect-psychotherapy-1986.pdf\" target=\"_blank\" rel=\"noopener\">1986<\/a>), pionero en medir la relaci\u00f3n entre &#8220;dosis&#8221; y &#8220;efecto&#8221; en psicoterapia, encontr\u00f3 que <strong>alrededor del 50 % de los pacientes mejora de manera medible hacia la sesi\u00f3n 8, y cerca del 75 % hacia la sesi\u00f3n 26<\/strong>. El hallazgo m\u00e1s interesante es la forma de esa curva: la mayor parte del cambio ocurre al principio, y cada sesi\u00f3n adicional aporta, en promedio, un poco menos que la anterior.<\/p>\n\n\n\n<p class=\"wp-block-paragraph\">Dicho de otro modo, el grueso del alivio tiende a concentrarse en las primeras semanas del proceso, no en su prolongaci\u00f3n indefinida.<\/p>\n\n\n\n<p class=\"wp-block-paragraph\">A esto se suma la evidencia sobre la eficacia de las intervenciones psicol\u00f3gicas en s\u00ed mismas. Gu\u00edas cl\u00ednicas de referencia como las del <a href=\"https:\/\/scielo.isciii.es\/pdf\/neuropsiq\/v30n4\/02.pdf\" target=\"_blank\" rel=\"noopener\">NICE brit\u00e1nico<\/a> recomiendan la psicoterapia como <strong>primera elecci\u00f3n<\/strong> para los trastornos depresivos y de ansiedad, con una eficacia a corto plazo comparable a la de los f\u00e1rmacos y efectos m\u00e1s duraderos en el tiempo. El tiempo, por s\u00ed solo, no es el ingrediente activo.<\/p>\n\n\n\n<h2 class=\"wp-block-heading\">Si no es el reloj, \u00bfqu\u00e9 produce el cambio? El enfoque<\/h2>\n\n\n\n<p class=\"wp-block-paragraph\">Si la duraci\u00f3n no explica los resultados, algo m\u00e1s lo hace. <strong>Ese &#8220;algo&#8221; es el enfoque<\/strong>: la manera en que el terapeuta lee el problema, formula una hip\u00f3tesis cl\u00ednica y decide d\u00f3nde intervenir.<\/p>\n\n\n\n<p class=\"wp-block-paragraph\">Un buen enfoque hace tres cosas. Primero, <strong>define un foco<\/strong>: distingue lo urgente de lo importante y elige un punto de entrada. Segundo, <strong>sostiene una alianza de trabajo<\/strong>, esa relaci\u00f3n de confianza que numerosos estudios se\u00f1alan como uno de los mejores predictores de resultado. Tercero, <strong>traduce la comprensi\u00f3n en movimiento<\/strong>: convierte lo que se entiende en consulta en algo que el paciente puede ensayar en su vida cotidiana.<\/p>\n\n\n\n<p class=\"wp-block-paragraph\">Cuando esas tres piezas est\u00e1n alineadas, el tiempo se vuelve secundario. Cuando faltan, ni los a\u00f1os garantizan avance. El cambio, en suma, <strong>es una cuesti\u00f3n de direcci\u00f3n antes que de distancia.<\/strong><\/p>\n\n\n\n<figure class=\"wp-block-image size-large\"><img loading=\"lazy\" decoding=\"async\" width=\"1024\" height=\"768\" src=\"https:\/\/educacionenlinea.uic.mx\/blog\/wp-content\/uploads\/2026\/08\/Esquema-del-modelo-integrativo-1024x768.png\" alt=\"Esquema del modelo integrativo sist\u00e9mico y psicodin\u00e1mico en terapia breve\" class=\"wp-image-86367\" srcset=\"https:\/\/educacionenlinea.uic.mx\/blog\/wp-content\/uploads\/2026\/08\/Esquema-del-modelo-integrativo-1024x768.png 1024w, https:\/\/educacionenlinea.uic.mx\/blog\/wp-content\/uploads\/2026\/08\/Esquema-del-modelo-integrativo-300x225.png 300w, https:\/\/educacionenlinea.uic.mx\/blog\/wp-content\/uploads\/2026\/08\/Esquema-del-modelo-integrativo-768x576.png 768w, https:\/\/educacionenlinea.uic.mx\/blog\/wp-content\/uploads\/2026\/08\/Esquema-del-modelo-integrativo-400x300.png 400w, https:\/\/educacionenlinea.uic.mx\/blog\/wp-content\/uploads\/2026\/08\/Esquema-del-modelo-integrativo.png 1448w\" sizes=\"auto, (max-width: 1024px) 100vw, 1024px\" \/><\/figure>\n\n\n\n<h2 class=\"wp-block-heading\">Sist\u00e9mico y psicodin\u00e1mico: dos miradas, un mismo foco<\/h2>\n\n\n\n<p class=\"wp-block-paragraph\">Aqu\u00ed es donde el <em>enfoque<\/em> deja de ser una palabra abstracta. Dos de las tradiciones m\u00e1s influyentes de la psicoterapia breve miran el mismo problema desde \u00e1ngulos distintos y complementarios.<\/p>\n\n\n\n<p class=\"wp-block-paragraph\">La mirada <strong>sist\u00e9mica<\/strong> entiende que un s\u00edntoma rara vez es asunto de una sola persona: se sostiene en los v\u00ednculos, en las alianzas familiares, en los roles y jerarqu\u00edas que un grupo repite sin darse cuenta. La mirada <strong>psicodin\u00e1mica<\/strong> a\u00f1ade profundidad hist\u00f3rica: atiende lo que se repite desde la biograf\u00eda, los conflictos inconscientes y las formas de v\u00ednculo que una persona reedita una y otra vez.<\/p>\n\n\n\n<p class=\"wp-block-paragraph\">Integrar ambas permite leer el s\u00edntoma en dos planos a la vez \u2014el sistema presente y la historia que lo habita\u2014 sin renunciar a la flexibilidad de la terapia breve. Ese es precisamente el terreno del <a href=\"https:\/\/uicmx.link\/ec-pbsp\" target=\"_blank\" rel=\"noopener\"><mark style=\"background-color:rgba(0, 0, 0, 0);color:#0f2db3\" class=\"has-inline-color\"><strong>Diplomado en Psicoterapia Breve Sist\u00e9mico \u2013 Psicodin\u00e1mico<\/strong> <\/mark><\/a>de la UIC, que forma a profesionales para detectar el origen de las disfunciones en la familia y la pareja articulando las dos perspectivas. No se trata de sumar t\u00e9cnicas, sino de afinar la mirada que decide d\u00f3nde intervenir.<\/p>\n\n\n\n<h2 class=\"wp-block-heading\">Terapia breve y la brecha de atenci\u00f3n en M\u00e9xico<\/h2>\n\n\n\n<p class=\"wp-block-paragraph\">Pensar el enfoque por encima del tiempo tiene, adem\u00e1s, una dimensi\u00f3n social dif\u00edcil de ignorar. En M\u00e9xico, buena parte de quienes necesitan ayuda no la reciben: seg\u00fan el Programa de Acci\u00f3n Espec\u00edfico de Salud Mental, publicado en el Diario Oficial de la Federaci\u00f3n (2020), la brecha de atenci\u00f3n para cualquier trastorno mental <strong>supera el 80 %<\/strong> en el pa\u00eds. Y cuando la buscan, llegan tarde: una persona con depresi\u00f3n puede tardar <strong>hasta 14 a\u00f1os<\/strong> en iniciar tratamiento, seg\u00fan la investigaci\u00f3n de la UNAM encabezada por Medina-Mora.<\/p>\n\n\n\n<p class=\"wp-block-paragraph\">En ese contexto, <strong>los modelos focalizados no son un lujo<\/strong>, sino una respuesta pertinente y necesaria. Intervenciones que producen alivio temprano, con objetivos claros y en pocas sesiones, permiten acercar la atenci\u00f3n a m\u00e1s personas y reducir la distancia entre el malestar y la ayuda. La psicoterapia breve, bien formada y bien aplicada, conecta directamente con una de las deudas de salud p\u00fablica del pa\u00eds.<\/p>\n\n\n\n<figure class=\"wp-block-image size-large\"><img loading=\"lazy\" decoding=\"async\" width=\"1024\" height=\"768\" src=\"https:\/\/educacionenlinea.uic.mx\/blog\/wp-content\/uploads\/2026\/08\/Curva-dosis-efecto-1024x768.png\" alt=\"Curva dosis-efecto: mejor\u00eda del paciente seg\u00fan n\u00famero de sesiones de psicoterapia\" class=\"wp-image-86368\" srcset=\"https:\/\/educacionenlinea.uic.mx\/blog\/wp-content\/uploads\/2026\/08\/Curva-dosis-efecto-1024x768.png 1024w, https:\/\/educacionenlinea.uic.mx\/blog\/wp-content\/uploads\/2026\/08\/Curva-dosis-efecto-300x225.png 300w, https:\/\/educacionenlinea.uic.mx\/blog\/wp-content\/uploads\/2026\/08\/Curva-dosis-efecto-400x300.png 400w, https:\/\/educacionenlinea.uic.mx\/blog\/wp-content\/uploads\/2026\/08\/Curva-dosis-efecto-768x576.png 768w, https:\/\/educacionenlinea.uic.mx\/blog\/wp-content\/uploads\/2026\/08\/Curva-dosis-efecto.png 1448w\" sizes=\"auto, (max-width: 1024px) 100vw, 1024px\" \/><\/figure>\n\n\n\n<h2 class=\"wp-block-heading\">Preguntas frecuentes<\/h2>\n\n\n\n<h3 class=\"wp-block-heading\"><strong>\u00bfLa psicoterapia breve es menos profunda que la terapia tradicional?<\/strong> <\/h3>\n\n\n\n<p class=\"wp-block-paragraph\">No necesariamente. Es m\u00e1s focalizada: trabaja sobre un problema definido con objetivos claros. La profundidad depende del enfoque y de la formaci\u00f3n del terapeuta, no de la cantidad de sesiones.<\/p>\n\n\n\n<h3 class=\"wp-block-heading\"><strong>\u00bfCu\u00e1ntas sesiones dura la psicoterapia breve?<\/strong> <\/h3>\n\n\n\n<p class=\"wp-block-paragraph\">No hay un n\u00famero fijo. Suele ubicarse entre unas pocas y poco m\u00e1s de veinte sesiones. La evidencia sugiere que buena parte del cambio ocurre en las primeras: cerca del 50 % de los pacientes mejora de forma medible hacia la octava (Howard et al., 1986).<\/p>\n\n\n\n<h3 class=\"wp-block-heading\"><strong>\u00bfPara qu\u00e9 tipo de problemas funciona mejor?<\/strong> <\/h3>\n\n\n\n<p class=\"wp-block-paragraph\">Se ha documentado su utilidad en ansiedad, estados depresivos leves a moderados, problemas de pareja y familia, crisis y dificultades de ajuste. Los cuadros m\u00e1s severos o complejos pueden requerir procesos m\u00e1s largos o combinados.<\/p>\n\n\n\n<h3 class=\"wp-block-heading\"><strong>\u00bfQu\u00e9 aporta integrar los modelos sist\u00e9mico y psicodin\u00e1mico?<\/strong> <\/h3>\n\n\n\n<p class=\"wp-block-paragraph\">Permite leer el s\u00edntoma en el sistema de v\u00ednculos presente y en la historia personal que lo sostiene. Esa doble lectura ayuda a ubicar con m\u00e1s precisi\u00f3n el foco de la intervenci\u00f3n.<\/p>\n\n\n\n<h2 class=\"wp-block-heading\">Formarte en el enfoque, no solo en la t\u00e9cnica<\/h2>\n\n\n\n<p class=\"wp-block-paragraph\">Entender por qu\u00e9 el cambio depende del enfoque es el primer paso; el siguiente es aprender a construirlo. El <strong><a href=\"https:\/\/uicmx.link\/ec-pbsp\" target=\"_blank\" rel=\"noopener\"><mark style=\"background-color:rgba(0, 0, 0, 0);color:#0f2db3\" class=\"has-inline-color\">Diplomado en Psicoterapia Breve Sist\u00e9mico \u2013 Psicodin\u00e1mico<\/mark><\/a><\/strong> de la Universidad Intercontinental est\u00e1 dirigido a profesionales de la salud y del \u00e1mbito cl\u00ednico que quieran integrar ambas miradas y desarrollar herramientas para el trabajo con familias y parejas. Si tu inter\u00e9s est\u00e1 en la formaci\u00f3n de base, puedes conocer tambi\u00e9n nuestra <a href=\"https:\/\/educacionenlinea.uic.mx\/licenciaturas-a-distancia\/programas\/psicologia.html?utm_source=social&amp;utm_medium=organic&amp;utm_campaign=cd&amp;utm_content=oferta_online\" target=\"_blank\" rel=\"noopener\"><mark style=\"background-color:rgba(0, 0, 0, 0);color:#0f2db3\" class=\"has-inline-color\">licenciatura en <strong>Psicolog\u00eda<\/strong><\/mark><\/a> en modalidad a distancia. <\/p>\n","protected":false},"excerpt":{"rendered":"<p>La psicoterapia breve no es una versi\u00f3n corta de la terapia tradicional: es un modelo estructurado y focalizado donde el [&hellip;]<\/p>\n","protected":false},"author":3,"featured_media":86365,"comment_status":"open","ping_status":"open","sticky":false,"template":"","format":"standard","meta":{"footnotes":""},"categories":[69],"tags":[808,811,810,809,807],"class_list":["post-86359","post","type-post","status-publish","format-standard","has-post-thumbnail","hentry","category-educacion-continua","tag-cuantas-sesiones-dura-la-terapia-breve","tag-diplomado-en-psicoterapia-breve","tag-enfoque-psicodinamico","tag-psicoterapia-breve-sistemica","tag-terapia-breve"],"yoast_head":"<!-- This site is optimized with the Yoast SEO plugin v28.3 - https:\/\/yoast.com\/product\/yoast-seo-wordpress\/ -->\n<title>Psicoterapia breve: por qu\u00e9 el cambio depende del enfoque, no del tiempo - Educaci\u00f3n en l\u00ednea UIC<\/title>\n<meta name=\"description\" content=\"Descubre por qu\u00e9 en la psicoterapia breve el cambio depende del enfoque y no del n\u00famero de sesiones. Evidencia y modelo sist\u00e9mico...\" \/>\n<meta name=\"robots\" content=\"index, follow, max-snippet:-1, max-image-preview:large, max-video-preview:-1\" \/>\n<link rel=\"canonical\" href=\"https:\/\/educacionenlinea.uic.mx\/blog\/educacion-continua\/psicoterapia-breve-enfoque-no-tiempo\/\" \/>\n<meta property=\"og:locale\" content=\"es_MX\" \/>\n<meta property=\"og:type\" content=\"article\" \/>\n<meta property=\"og:title\" content=\"Psicoterapia breve: por qu\u00e9 el cambio depende del enfoque, no del tiempo - Educaci\u00f3n en l\u00ednea UIC\" \/>\n<meta property=\"og:description\" content=\"Descubre por qu\u00e9 en la psicoterapia breve el cambio depende del enfoque y no del n\u00famero de sesiones. Evidencia y modelo sist\u00e9mico...\" \/>\n<meta property=\"og:url\" content=\"https:\/\/educacionenlinea.uic.mx\/blog\/educacion-continua\/psicoterapia-breve-enfoque-no-tiempo\/\" \/>\n<meta property=\"og:site_name\" content=\"Educaci\u00f3n en l\u00ednea UIC\" \/>\n<meta property=\"article:published_time\" content=\"2026-08-26T22:55:13+00:00\" \/>\n<meta property=\"og:image\" content=\"https:\/\/educacionenlinea.uic.mx\/blog\/wp-content\/uploads\/2026\/08\/Psicoterapia-breve-long-1024x576.png\" \/>\n\t<meta property=\"og:image:width\" content=\"1024\" \/>\n\t<meta property=\"og:image:height\" content=\"576\" \/>\n\t<meta property=\"og:image:type\" content=\"image\/png\" \/>\n<meta name=\"author\" content=\"Lucero Ju\u00e1rez\" \/>\n<meta name=\"twitter:card\" content=\"summary_large_image\" \/>\n<meta name=\"twitter:label1\" content=\"Escrito por\" \/>\n\t<meta name=\"twitter:data1\" content=\"Lucero Ju\u00e1rez\" \/>\n\t<meta name=\"twitter:label2\" content=\"Tiempo de lectura\" \/>\n\t<meta name=\"twitter:data2\" content=\"7 minutos\" \/>\n<script type=\"application\/ld+json\" class=\"yoast-schema-graph\">{\"@context\":\"https:\\\/\\\/schema.org\",\"@graph\":[{\"@type\":\"Article\",\"@id\":\"https:\\\/\\\/educacionenlinea.uic.mx\\\/blog\\\/educacion-continua\\\/psicoterapia-breve-enfoque-no-tiempo\\\/#article\",\"isPartOf\":{\"@id\":\"https:\\\/\\\/educacionenlinea.uic.mx\\\/blog\\\/educacion-continua\\\/psicoterapia-breve-enfoque-no-tiempo\\\/\"},\"author\":{\"name\":\"Lucero Ju\u00e1rez\",\"@id\":\"https:\\\/\\\/educacionenlinea.uic.mx\\\/blog\\\/#\\\/schema\\\/person\\\/4676eebf557016077c4ffa18154deaa7\"},\"headline\":\"Psicoterapia breve: por qu\u00e9 el cambio depende del enfoque, no del tiempo\",\"datePublished\":\"2026-08-26T22:55:13+00:00\",\"mainEntityOfPage\":{\"@id\":\"https:\\\/\\\/educacionenlinea.uic.mx\\\/blog\\\/educacion-continua\\\/psicoterapia-breve-enfoque-no-tiempo\\\/\"},\"wordCount\":1413,\"commentCount\":0,\"image\":{\"@id\":\"https:\\\/\\\/educacionenlinea.uic.mx\\\/blog\\\/educacion-continua\\\/psicoterapia-breve-enfoque-no-tiempo\\\/#primaryimage\"},\"thumbnailUrl\":\"https:\\\/\\\/educacionenlinea.uic.mx\\\/blog\\\/wp-content\\\/uploads\\\/2026\\\/08\\\/Psicoterapia-breve-long.png\",\"keywords\":[\"cu\u00e1ntas sesiones dura la terapia breve\",\"diplomado en psicoterapia breve\",\"enfoque psicodin\u00e1mico\",\"psicoterapia breve sist\u00e9mica\",\"terapia breve\"],\"articleSection\":[\"Educaci\u00f3n Continua\"],\"inLanguage\":\"es\",\"potentialAction\":[{\"@type\":\"CommentAction\",\"name\":\"Comment\",\"target\":[\"https:\\\/\\\/educacionenlinea.uic.mx\\\/blog\\\/educacion-continua\\\/psicoterapia-breve-enfoque-no-tiempo\\\/#respond\"]}]},{\"@type\":\"WebPage\",\"@id\":\"https:\\\/\\\/educacionenlinea.uic.mx\\\/blog\\\/educacion-continua\\\/psicoterapia-breve-enfoque-no-tiempo\\\/\",\"url\":\"https:\\\/\\\/educacionenlinea.uic.mx\\\/blog\\\/educacion-continua\\\/psicoterapia-breve-enfoque-no-tiempo\\\/\",\"name\":\"Psicoterapia breve: por qu\u00e9 el cambio depende del enfoque, no del tiempo - Educaci\u00f3n en l\u00ednea UIC\",\"isPartOf\":{\"@id\":\"https:\\\/\\\/educacionenlinea.uic.mx\\\/blog\\\/#website\"},\"primaryImageOfPage\":{\"@id\":\"https:\\\/\\\/educacionenlinea.uic.mx\\\/blog\\\/educacion-continua\\\/psicoterapia-breve-enfoque-no-tiempo\\\/#primaryimage\"},\"image\":{\"@id\":\"https:\\\/\\\/educacionenlinea.uic.mx\\\/blog\\\/educacion-continua\\\/psicoterapia-breve-enfoque-no-tiempo\\\/#primaryimage\"},\"thumbnailUrl\":\"https:\\\/\\\/educacionenlinea.uic.mx\\\/blog\\\/wp-content\\\/uploads\\\/2026\\\/08\\\/Psicoterapia-breve-long.png\",\"datePublished\":\"2026-08-26T22:55:13+00:00\",\"author\":{\"@id\":\"https:\\\/\\\/educacionenlinea.uic.mx\\\/blog\\\/#\\\/schema\\\/person\\\/4676eebf557016077c4ffa18154deaa7\"},\"description\":\"Descubre por qu\u00e9 en la psicoterapia breve el cambio depende del enfoque y no del n\u00famero de sesiones. Evidencia y modelo sist\u00e9mico...\",\"breadcrumb\":{\"@id\":\"https:\\\/\\\/educacionenlinea.uic.mx\\\/blog\\\/educacion-continua\\\/psicoterapia-breve-enfoque-no-tiempo\\\/#breadcrumb\"},\"inLanguage\":\"es\",\"potentialAction\":[{\"@type\":\"ReadAction\",\"target\":[\"https:\\\/\\\/educacionenlinea.uic.mx\\\/blog\\\/educacion-continua\\\/psicoterapia-breve-enfoque-no-tiempo\\\/\"]}]},{\"@type\":\"ImageObject\",\"inLanguage\":\"es\",\"@id\":\"https:\\\/\\\/educacionenlinea.uic.mx\\\/blog\\\/educacion-continua\\\/psicoterapia-breve-enfoque-no-tiempo\\\/#primaryimage\",\"url\":\"https:\\\/\\\/educacionenlinea.uic.mx\\\/blog\\\/wp-content\\\/uploads\\\/2026\\\/08\\\/Psicoterapia-breve-long.png\",\"contentUrl\":\"https:\\\/\\\/educacionenlinea.uic.mx\\\/blog\\\/wp-content\\\/uploads\\\/2026\\\/08\\\/Psicoterapia-breve-long.png\",\"width\":1672,\"height\":941,\"caption\":\"Psicoterapia breve: por qu\u00e9 el cambio depende del enfoque\"},{\"@type\":\"BreadcrumbList\",\"@id\":\"https:\\\/\\\/educacionenlinea.uic.mx\\\/blog\\\/educacion-continua\\\/psicoterapia-breve-enfoque-no-tiempo\\\/#breadcrumb\",\"itemListElement\":[{\"@type\":\"ListItem\",\"position\":1,\"name\":\"Inicio\",\"item\":\"https:\\\/\\\/educacionenlinea.uic.mx\\\/blog\\\/\"},{\"@type\":\"ListItem\",\"position\":2,\"name\":\"Psicoterapia breve: por qu\u00e9 el cambio depende del enfoque, no del tiempo\"}]},{\"@type\":\"WebSite\",\"@id\":\"https:\\\/\\\/educacionenlinea.uic.mx\\\/blog\\\/#website\",\"url\":\"https:\\\/\\\/educacionenlinea.uic.mx\\\/blog\\\/\",\"name\":\"Educaci\u00f3n en l\u00ednea UIC\",\"description\":\"Blog UIC Online\",\"potentialAction\":[{\"@type\":\"SearchAction\",\"target\":{\"@type\":\"EntryPoint\",\"urlTemplate\":\"https:\\\/\\\/educacionenlinea.uic.mx\\\/blog\\\/?s={search_term_string}\"},\"query-input\":{\"@type\":\"PropertyValueSpecification\",\"valueRequired\":true,\"valueName\":\"search_term_string\"}}],\"inLanguage\":\"es\"},{\"@type\":\"Person\",\"@id\":\"https:\\\/\\\/educacionenlinea.uic.mx\\\/blog\\\/#\\\/schema\\\/person\\\/4676eebf557016077c4ffa18154deaa7\",\"name\":\"Lucero Ju\u00e1rez\",\"image\":{\"@type\":\"ImageObject\",\"inLanguage\":\"es\",\"@id\":\"https:\\\/\\\/secure.gravatar.com\\\/avatar\\\/5fcd0456fa2007de4e4ae291187360223c1751810cc7363e51863631a3271a85?s=96&d=mm&r=g\",\"url\":\"https:\\\/\\\/secure.gravatar.com\\\/avatar\\\/5fcd0456fa2007de4e4ae291187360223c1751810cc7363e51863631a3271a85?s=96&d=mm&r=g\",\"contentUrl\":\"https:\\\/\\\/secure.gravatar.com\\\/avatar\\\/5fcd0456fa2007de4e4ae291187360223c1751810cc7363e51863631a3271a85?s=96&d=mm&r=g\",\"caption\":\"Lucero Ju\u00e1rez\"},\"url\":\"https:\\\/\\\/educacionenlinea.uic.mx\\\/blog\\\/author\\\/lucero\\\/\"}]}<\/script>\n<!-- \/ Yoast SEO plugin. -->","yoast_head_json":{"title":"Psicoterapia breve: por qu\u00e9 el cambio depende del enfoque, no del tiempo - Educaci\u00f3n en l\u00ednea UIC","description":"Descubre por qu\u00e9 en la psicoterapia breve el cambio depende del enfoque y no del n\u00famero de sesiones. Evidencia y modelo sist\u00e9mico...","robots":{"index":"index","follow":"follow","max-snippet":"max-snippet:-1","max-image-preview":"max-image-preview:large","max-video-preview":"max-video-preview:-1"},"canonical":"https:\/\/educacionenlinea.uic.mx\/blog\/educacion-continua\/psicoterapia-breve-enfoque-no-tiempo\/","og_locale":"es_MX","og_type":"article","og_title":"Psicoterapia breve: por qu\u00e9 el cambio depende del enfoque, no del tiempo - Educaci\u00f3n en l\u00ednea UIC","og_description":"Descubre por qu\u00e9 en la psicoterapia breve el cambio depende del enfoque y no del n\u00famero de sesiones. Evidencia y modelo sist\u00e9mico...","og_url":"https:\/\/educacionenlinea.uic.mx\/blog\/educacion-continua\/psicoterapia-breve-enfoque-no-tiempo\/","og_site_name":"Educaci\u00f3n en l\u00ednea UIC","article_published_time":"2026-08-26T22:55:13+00:00","og_image":[{"width":1024,"height":576,"url":"https:\/\/educacionenlinea.uic.mx\/blog\/wp-content\/uploads\/2026\/08\/Psicoterapia-breve-long-1024x576.png","type":"image\/png"}],"author":"Lucero Ju\u00e1rez","twitter_card":"summary_large_image","twitter_misc":{"Escrito por":"Lucero Ju\u00e1rez","Tiempo de lectura":"7 minutos"},"schema":{"@context":"https:\/\/schema.org","@graph":[{"@type":"Article","@id":"https:\/\/educacionenlinea.uic.mx\/blog\/educacion-continua\/psicoterapia-breve-enfoque-no-tiempo\/#article","isPartOf":{"@id":"https:\/\/educacionenlinea.uic.mx\/blog\/educacion-continua\/psicoterapia-breve-enfoque-no-tiempo\/"},"author":{"name":"Lucero Ju\u00e1rez","@id":"https:\/\/educacionenlinea.uic.mx\/blog\/#\/schema\/person\/4676eebf557016077c4ffa18154deaa7"},"headline":"Psicoterapia breve: por qu\u00e9 el cambio depende del enfoque, no del tiempo","datePublished":"2026-08-26T22:55:13+00:00","mainEntityOfPage":{"@id":"https:\/\/educacionenlinea.uic.mx\/blog\/educacion-continua\/psicoterapia-breve-enfoque-no-tiempo\/"},"wordCount":1413,"commentCount":0,"image":{"@id":"https:\/\/educacionenlinea.uic.mx\/blog\/educacion-continua\/psicoterapia-breve-enfoque-no-tiempo\/#primaryimage"},"thumbnailUrl":"https:\/\/educacionenlinea.uic.mx\/blog\/wp-content\/uploads\/2026\/08\/Psicoterapia-breve-long.png","keywords":["cu\u00e1ntas sesiones dura la terapia breve","diplomado en psicoterapia breve","enfoque psicodin\u00e1mico","psicoterapia breve sist\u00e9mica","terapia breve"],"articleSection":["Educaci\u00f3n Continua"],"inLanguage":"es","potentialAction":[{"@type":"CommentAction","name":"Comment","target":["https:\/\/educacionenlinea.uic.mx\/blog\/educacion-continua\/psicoterapia-breve-enfoque-no-tiempo\/#respond"]}]},{"@type":"WebPage","@id":"https:\/\/educacionenlinea.uic.mx\/blog\/educacion-continua\/psicoterapia-breve-enfoque-no-tiempo\/","url":"https:\/\/educacionenlinea.uic.mx\/blog\/educacion-continua\/psicoterapia-breve-enfoque-no-tiempo\/","name":"Psicoterapia breve: por qu\u00e9 el cambio depende del enfoque, no del tiempo - Educaci\u00f3n en l\u00ednea UIC","isPartOf":{"@id":"https:\/\/educacionenlinea.uic.mx\/blog\/#website"},"primaryImageOfPage":{"@id":"https:\/\/educacionenlinea.uic.mx\/blog\/educacion-continua\/psicoterapia-breve-enfoque-no-tiempo\/#primaryimage"},"image":{"@id":"https:\/\/educacionenlinea.uic.mx\/blog\/educacion-continua\/psicoterapia-breve-enfoque-no-tiempo\/#primaryimage"},"thumbnailUrl":"https:\/\/educacionenlinea.uic.mx\/blog\/wp-content\/uploads\/2026\/08\/Psicoterapia-breve-long.png","datePublished":"2026-08-26T22:55:13+00:00","author":{"@id":"https:\/\/educacionenlinea.uic.mx\/blog\/#\/schema\/person\/4676eebf557016077c4ffa18154deaa7"},"description":"Descubre por qu\u00e9 en la psicoterapia breve el cambio depende del enfoque y no del n\u00famero de sesiones. Evidencia y modelo sist\u00e9mico...","breadcrumb":{"@id":"https:\/\/educacionenlinea.uic.mx\/blog\/educacion-continua\/psicoterapia-breve-enfoque-no-tiempo\/#breadcrumb"},"inLanguage":"es","potentialAction":[{"@type":"ReadAction","target":["https:\/\/educacionenlinea.uic.mx\/blog\/educacion-continua\/psicoterapia-breve-enfoque-no-tiempo\/"]}]},{"@type":"ImageObject","inLanguage":"es","@id":"https:\/\/educacionenlinea.uic.mx\/blog\/educacion-continua\/psicoterapia-breve-enfoque-no-tiempo\/#primaryimage","url":"https:\/\/educacionenlinea.uic.mx\/blog\/wp-content\/uploads\/2026\/08\/Psicoterapia-breve-long.png","contentUrl":"https:\/\/educacionenlinea.uic.mx\/blog\/wp-content\/uploads\/2026\/08\/Psicoterapia-breve-long.png","width":1672,"height":941,"caption":"Psicoterapia breve: por qu\u00e9 el cambio depende del enfoque"},{"@type":"BreadcrumbList","@id":"https:\/\/educacionenlinea.uic.mx\/blog\/educacion-continua\/psicoterapia-breve-enfoque-no-tiempo\/#breadcrumb","itemListElement":[{"@type":"ListItem","position":1,"name":"Inicio","item":"https:\/\/educacionenlinea.uic.mx\/blog\/"},{"@type":"ListItem","position":2,"name":"Psicoterapia breve: por qu\u00e9 el cambio depende del enfoque, no del tiempo"}]},{"@type":"WebSite","@id":"https:\/\/educacionenlinea.uic.mx\/blog\/#website","url":"https:\/\/educacionenlinea.uic.mx\/blog\/","name":"Educaci\u00f3n en l\u00ednea UIC","description":"Blog UIC Online","potentialAction":[{"@type":"SearchAction","target":{"@type":"EntryPoint","urlTemplate":"https:\/\/educacionenlinea.uic.mx\/blog\/?s={search_term_string}"},"query-input":{"@type":"PropertyValueSpecification","valueRequired":true,"valueName":"search_term_string"}}],"inLanguage":"es"},{"@type":"Person","@id":"https:\/\/educacionenlinea.uic.mx\/blog\/#\/schema\/person\/4676eebf557016077c4ffa18154deaa7","name":"Lucero Ju\u00e1rez","image":{"@type":"ImageObject","inLanguage":"es","@id":"https:\/\/secure.gravatar.com\/avatar\/5fcd0456fa2007de4e4ae291187360223c1751810cc7363e51863631a3271a85?s=96&d=mm&r=g","url":"https:\/\/secure.gravatar.com\/avatar\/5fcd0456fa2007de4e4ae291187360223c1751810cc7363e51863631a3271a85?s=96&d=mm&r=g","contentUrl":"https:\/\/secure.gravatar.com\/avatar\/5fcd0456fa2007de4e4ae291187360223c1751810cc7363e51863631a3271a85?s=96&d=mm&r=g","caption":"Lucero Ju\u00e1rez"},"url":"https:\/\/educacionenlinea.uic.mx\/blog\/author\/lucero\/"}]}},"_links":{"self":[{"href":"https:\/\/educacionenlinea.uic.mx\/blog\/wp-json\/wp\/v2\/posts\/86359","targetHints":{"allow":["GET"]}}],"collection":[{"href":"https:\/\/educacionenlinea.uic.mx\/blog\/wp-json\/wp\/v2\/posts"}],"about":[{"href":"https:\/\/educacionenlinea.uic.mx\/blog\/wp-json\/wp\/v2\/types\/post"}],"author":[{"embeddable":true,"href":"https:\/\/educacionenlinea.uic.mx\/blog\/wp-json\/wp\/v2\/users\/3"}],"replies":[{"embeddable":true,"href":"https:\/\/educacionenlinea.uic.mx\/blog\/wp-json\/wp\/v2\/comments?post=86359"}],"version-history":[{"count":4,"href":"https:\/\/educacionenlinea.uic.mx\/blog\/wp-json\/wp\/v2\/posts\/86359\/revisions"}],"predecessor-version":[{"id":86369,"href":"https:\/\/educacionenlinea.uic.mx\/blog\/wp-json\/wp\/v2\/posts\/86359\/revisions\/86369"}],"wp:featuredmedia":[{"embeddable":true,"href":"https:\/\/educacionenlinea.uic.mx\/blog\/wp-json\/wp\/v2\/media\/86365"}],"wp:attachment":[{"href":"https:\/\/educacionenlinea.uic.mx\/blog\/wp-json\/wp\/v2\/media?parent=86359"}],"wp:term":[{"taxonomy":"category","embeddable":true,"href":"https:\/\/educacionenlinea.uic.mx\/blog\/wp-json\/wp\/v2\/categories?post=86359"},{"taxonomy":"post_tag","embeddable":true,"href":"https:\/\/educacionenlinea.uic.mx\/blog\/wp-json\/wp\/v2\/tags?post=86359"}],"curies":[{"name":"wp","href":"https:\/\/api.w.org\/{rel}","templated":true}]}}