{"id":85538,"date":"2024-09-23T21:51:00","date_gmt":"2024-09-24T03:51:00","guid":{"rendered":"https:\/\/educacionenlinea.uic.mx\/blog\/?p=85538"},"modified":"2024-09-30T13:32:12","modified_gmt":"2024-09-30T19:32:12","slug":"estudiar-a-distancia-reto-equilibrar-vida-laboral-personal","status":"publish","type":"post","link":"https:\/\/educacionenlinea.uic.mx\/blog\/licenciaturas\/estudiar-a-distancia-reto-equilibrar-vida-laboral-personal\/","title":{"rendered":"Estudiar a distancia y el reto de equilibrar la vida laboral y personal"},"content":{"rendered":"\n<p>La flexibilidad que otorga el <strong>estudiar a distancia<\/strong> para mejorar las oportunidades laborales o para continuar con una formaci\u00f3n acad\u00e9mica, permite que las personas puedan construir un proyecto educativo s\u00f3lido, sin embargo, combinar los estudios con el trabajo y la vida personal puede ser un reto para cualquiera.<\/p>\n\n\n\n<p>Para que puedas disfrutar y aprender de la experiencia de estudiar a distancia, mientras lo combinas con tus <strong>actividades laborales y la vida personal<\/strong>, te compartimos algunas estrategias efectivas para lograr un equilibrio saludable mientras llevas a acabo esta <a href=\"https:\/\/linktr.ee\/uiconline\" target=\"_blank\" rel=\"noreferrer noopener\"><mark style=\"background-color:rgba(0, 0, 0, 0);color:#078935\" class=\"has-inline-color\">misi\u00f3n acad\u00e9mica<\/mark><\/a>.<\/p>\n\n\n\n<h2 class=\"wp-block-heading\"><strong>1. Organiza tu tiempo de manera eficiente<\/strong><\/h2>\n\n\n\n<p>El principal reto al <strong>estudiar a distancia<\/strong> es la gesti\u00f3n del tiempo, por un lado, la flexibilidad horaria de esta modalidad es una ventaja que, puede jugar tanto a favor como en contra si no se planifica adecuadamente.<\/p>\n\n\n\n<p>Es fundamental crear un horario que se adapte a tus responsabilidades laborales y personales, asignando tiempos espec\u00edficos para <strong>estudiar, trabajar y relajarte<\/strong>.<\/p>\n\n\n\n<p>Utiliza herramientas de organizaci\u00f3n como <em>Google calendar<\/em> u otras aplicaciones de gesti\u00f3n de tareas para mantenerte al d\u00eda.<\/p>\n\n\n\n<figure class=\"wp-block-image size-full\"><img loading=\"lazy\" decoding=\"async\" width=\"950\" height=\"450\" src=\"https:\/\/educacionenlinea.uic.mx\/blog\/wp-content\/uploads\/2024\/09\/Blog03-23SEP24.jpg\" alt=\"Utiliza herramientas de organizaci\u00f3n como Google calendar u otras aplicaciones de gesti\u00f3n de tareas para mantenerte al d\u00eda.\" class=\"wp-image-85543\" srcset=\"https:\/\/educacionenlinea.uic.mx\/blog\/wp-content\/uploads\/2024\/09\/Blog03-23SEP24.jpg 950w, https:\/\/educacionenlinea.uic.mx\/blog\/wp-content\/uploads\/2024\/09\/Blog03-23SEP24-300x142.jpg 300w, https:\/\/educacionenlinea.uic.mx\/blog\/wp-content\/uploads\/2024\/09\/Blog03-23SEP24-768x364.jpg 768w\" sizes=\"auto, (max-width: 950px) 100vw, 950px\" \/><\/figure>\n\n\n\n<h2 class=\"wp-block-heading\"><strong>2. Establece prioridades claras<\/strong><\/h2>\n\n\n\n<p>Al combinar el estudio, el trabajo y la vida personal, es esencial que tengas claras tus prioridades y sepas identificar entre lo importante y lo urgente.<\/p>\n\n\n\n<p>En ocasiones, tendr\u00e1s que tomar decisiones dif\u00edciles, como <strong>posponer actividades sociales<\/strong> para cumplir con fechas l\u00edmite acad\u00e9micas. &nbsp;<\/p>\n\n\n\n<p>Haz una lista de tus prioridades semanales y diarias, considerando tanto tus obligaciones laborales como las <a href=\"https:\/\/linktr.ee\/uiconlineLA\" target=\"_blank\" rel=\"noreferrer noopener\"><mark style=\"background-color:rgba(0, 0, 0, 0);color:#078935\" class=\"has-inline-color\">acad\u00e9micas<\/mark><\/a>.<\/p>\n\n\n\n<p>Esto te permitir\u00e1 tener un panorama claro de lo que puedes ejecutar en la semana y no querer hacer todo al mismo tiempo, porque no te dar\u00e1 la vida para ello.<\/p>\n\n\n\n<h2 class=\"wp-block-heading\"><strong>3. Crea un espacio de estudio adecuado<\/strong><\/h2>\n\n\n\n<p>Cuando decides <strong>estudiar a distancia<\/strong>, uno de los factores m\u00e1s importantes es contar con un espacio adecuado para concentrarte. Tener un lugar exclusivo para estudiar, libre de distracciones, puede aumentar tu productividad y facilitar que cumplas con tus tareas en menos tiempo.<\/p>\n\n\n\n<p>Si tienes un trabajo presencial con una oficina propia, este espacio es perfecto para estudiar, siempre y cuando sea despu\u00e9s de cumplir tus actividades laborales.<\/p>\n\n\n\n<p>Por otro lado, si trabajas desde casa, busca un entorno bien iluminado, organizado y equipado con todo lo que necesitas para estudiar.<\/p>\n\n\n\n<figure class=\"wp-block-image size-full\"><img loading=\"lazy\" decoding=\"async\" width=\"950\" height=\"450\" src=\"https:\/\/educacionenlinea.uic.mx\/blog\/wp-content\/uploads\/2024\/09\/Blog01-23SEP24.jpg\" alt=\"Tener un lugar exclusivo para estudiar, libre de distracciones, puede aumentar tu productividad y facilitar que cumplas con tus tareas en menos tiempo.\" class=\"wp-image-85544\" srcset=\"https:\/\/educacionenlinea.uic.mx\/blog\/wp-content\/uploads\/2024\/09\/Blog01-23SEP24.jpg 950w, https:\/\/educacionenlinea.uic.mx\/blog\/wp-content\/uploads\/2024\/09\/Blog01-23SEP24-300x142.jpg 300w, https:\/\/educacionenlinea.uic.mx\/blog\/wp-content\/uploads\/2024\/09\/Blog01-23SEP24-768x364.jpg 768w\" sizes=\"auto, (max-width: 950px) 100vw, 950px\" \/><\/figure>\n\n\n\n<h2 class=\"wp-block-heading\"><strong>4. Tu bienestar personal siempre es primero<\/strong><\/h2>\n\n\n\n<p>Aunque tu agenda est\u00e9 llena, es importante que dediques tiempo para <strong>relajarte<\/strong>, hacer ejercicio y mantener una alimentaci\u00f3n saludable. Si bien, mencionamos que en ocasiones tendr\u00e1s que <strong>posponer actividades sociales<\/strong>, no lo conviertas en un h\u00e1bito.<\/p>\n\n\n\n<p>Vivir solo para el trabajo o el estudio, no es lo m\u00e1s sano para el bienestar de nuestra salud mental, es importante tomar peque\u00f1os descansos durante el d\u00eda para desconectarte, esto puede hacer una gran diferencia en tu <a href=\"https:\/\/linktr.ee\/uiconlinePAD\" target=\"_blank\" rel=\"noreferrer noopener\"><mark style=\"background-color:rgba(0, 0, 0, 0);color:#078935\" class=\"has-inline-color\">rendimiento acad\u00e9mico<\/mark><\/a> y en tu bienestar general.<\/p>\n\n\n\n<h2 class=\"wp-block-heading\"><strong>5. Pide apoyo cuando lo necesites<\/strong><\/h2>\n\n\n\n<p>Recuerda que pedir ayuda no es darse por vencido, sino todo lo contrario. Comunica tus necesidades tanto en el trabajo como en tu entorno familiar, para reasignar tareas o mover fechas de entrega, algunos empleadores pueden ofrecerte flexibilidad en tus horarios.<\/p>\n\n\n\n<p>En el entorno familiar, puedes cambiar actividades hogare\u00f1as temporalmente con otros miembros de la familia, para que puedas seguir apoyando en el hogar, desde otra trinchera mientras <a href=\"https:\/\/educacionenlinea.uic.mx\/diplomados-en-linea\/\" target=\"_blank\" rel=\"noreferrer noopener\"><mark style=\"background-color:rgba(0, 0, 0, 0);color:#078935\" class=\"has-inline-color\">estudias<\/mark><\/a>.<\/p>\n\n\n\n<p>Recuerda, <strong>estudiar a distancia<\/strong> mientras trabajas y mantienes una vida personal activa es posible con una buena <strong>planificaci\u00f3n<\/strong> y el apoyo adecuado. <strong>\u00a1No te rindas! <\/strong>Con esfuerzo y dedicaci\u00f3n, lograr\u00e1s cumplir con todas tus metas.<\/p>\n\n\n\n<figure class=\"wp-block-image size-full\"><img loading=\"lazy\" decoding=\"async\" width=\"950\" height=\"450\" src=\"https:\/\/educacionenlinea.uic.mx\/blog\/wp-content\/uploads\/2024\/09\/Blog02-23SEP24.jpg\" alt=\"Aunque tu agenda est\u00e9 llena, es importante que dediques tiempo para relajarte, hacer ejercicio y mantener una alimentaci\u00f3n saludable.\" class=\"wp-image-85545\" srcset=\"https:\/\/educacionenlinea.uic.mx\/blog\/wp-content\/uploads\/2024\/09\/Blog02-23SEP24.jpg 950w, https:\/\/educacionenlinea.uic.mx\/blog\/wp-content\/uploads\/2024\/09\/Blog02-23SEP24-300x142.jpg 300w, https:\/\/educacionenlinea.uic.mx\/blog\/wp-content\/uploads\/2024\/09\/Blog02-23SEP24-768x364.jpg 768w\" sizes=\"auto, (max-width: 950px) 100vw, 950px\" \/><\/figure>\n","protected":false},"excerpt":{"rendered":"<p>La flexibilidad que otorga el estudiar a distancia para mejorar las oportunidades laborales o para continuar con una formaci\u00f3n acad\u00e9mica, [&hellip;]<\/p>\n","protected":false},"author":3,"featured_media":85557,"comment_status":"open","ping_status":"open","sticky":false,"template":"","format":"standard","meta":{"footnotes":""},"categories":[69,5,12],"tags":[65,70,71,76,56],"class_list":["post-85538","post","type-post","status-publish","format-standard","has-post-thumbnail","hentry","category-educacion-continua","category-licenciaturas","category-posgrados","tag-beneficios-estudiar-a-distancia","tag-estudiar-a-distancia","tag-estudiar-y-trabajar","tag-licenciaturas-a-distancia","tag-posgrados-a-distancia"],"yoast_head":"<!-- This site is optimized with the Yoast SEO plugin v27.0 - https:\/\/yoast.com\/product\/yoast-seo-wordpress\/ -->\n<title>Estudiar a distancia y el reto de equilibrar la vida laboral y personal - Educaci\u00f3n en l\u00ednea UIC<\/title>\n<meta name=\"description\" content=\"La flexibilidad que otorga el estudiar a distancia para mejorar las oportunidades laborales o para continuar con una formaci\u00f3n acad\u00e9mica ...\" \/>\n<meta name=\"robots\" content=\"index, follow, max-snippet:-1, max-image-preview:large, max-video-preview:-1\" \/>\n<link rel=\"canonical\" href=\"https:\/\/educacionenlinea.uic.mx\/blog\/licenciaturas\/estudiar-a-distancia-reto-equilibrar-vida-laboral-personal\/\" \/>\n<meta property=\"og:locale\" content=\"es_MX\" \/>\n<meta property=\"og:type\" content=\"article\" \/>\n<meta property=\"og:title\" content=\"Estudiar a distancia y el reto de equilibrar la vida laboral y personal - Educaci\u00f3n en l\u00ednea UIC\" \/>\n<meta property=\"og:description\" content=\"La flexibilidad que otorga el estudiar a distancia para mejorar las oportunidades laborales o para continuar con una formaci\u00f3n acad\u00e9mica ...\" \/>\n<meta property=\"og:url\" content=\"https:\/\/educacionenlinea.uic.mx\/blog\/licenciaturas\/estudiar-a-distancia-reto-equilibrar-vida-laboral-personal\/\" \/>\n<meta property=\"og:site_name\" content=\"Educaci\u00f3n en l\u00ednea UIC\" \/>\n<meta property=\"article:published_time\" content=\"2024-09-24T03:51:00+00:00\" \/>\n<meta property=\"article:modified_time\" content=\"2024-09-30T19:32:12+00:00\" \/>\n<meta property=\"og:image\" content=\"https:\/\/educacionenlinea.uic.mx\/blog\/wp-content\/uploads\/2024\/09\/Portada-23SEP24-1.jpg\" \/>\n\t<meta property=\"og:image:width\" content=\"2560\" \/>\n\t<meta property=\"og:image:height\" content=\"960\" \/>\n\t<meta property=\"og:image:type\" content=\"image\/jpeg\" \/>\n<meta name=\"author\" content=\"Lucero Ju\u00e1rez\" \/>\n<meta name=\"twitter:card\" content=\"summary_large_image\" \/>\n<meta name=\"twitter:label1\" content=\"Escrito por\" \/>\n\t<meta name=\"twitter:data1\" content=\"Lucero Ju\u00e1rez\" \/>\n\t<meta name=\"twitter:label2\" content=\"Tiempo de lectura\" \/>\n\t<meta name=\"twitter:data2\" content=\"4 minutos\" \/>\n<script type=\"application\/ld+json\" class=\"yoast-schema-graph\">{\"@context\":\"https:\/\/schema.org\",\"@graph\":[{\"@type\":\"Article\",\"@id\":\"https:\/\/educacionenlinea.uic.mx\/blog\/licenciaturas\/estudiar-a-distancia-reto-equilibrar-vida-laboral-personal\/#article\",\"isPartOf\":{\"@id\":\"https:\/\/educacionenlinea.uic.mx\/blog\/licenciaturas\/estudiar-a-distancia-reto-equilibrar-vida-laboral-personal\/\"},\"author\":{\"name\":\"Lucero Ju\u00e1rez\",\"@id\":\"https:\/\/educacionenlinea.uic.mx\/blog\/#\/schema\/person\/4676eebf557016077c4ffa18154deaa7\"},\"headline\":\"Estudiar a distancia y el reto de equilibrar la vida laboral y personal\",\"datePublished\":\"2024-09-24T03:51:00+00:00\",\"dateModified\":\"2024-09-30T19:32:12+00:00\",\"mainEntityOfPage\":{\"@id\":\"https:\/\/educacionenlinea.uic.mx\/blog\/licenciaturas\/estudiar-a-distancia-reto-equilibrar-vida-laboral-personal\/\"},\"wordCount\":600,\"commentCount\":0,\"image\":{\"@id\":\"https:\/\/educacionenlinea.uic.mx\/blog\/licenciaturas\/estudiar-a-distancia-reto-equilibrar-vida-laboral-personal\/#primaryimage\"},\"thumbnailUrl\":\"https:\/\/educacionenlinea.uic.mx\/blog\/wp-content\/uploads\/2024\/09\/Portada-23SEP24-1.jpg\",\"keywords\":[\"Beneficios estudiar a distancia\",\"Estudiar a distancia\",\"Estudiar y trabajar\",\"Licenciaturas a distancia\",\"Posgrados a distancia\"],\"articleSection\":[\"Educaci\u00f3n Continua\",\"Licenciaturas\",\"Posgrados\"],\"inLanguage\":\"es\",\"potentialAction\":[{\"@type\":\"CommentAction\",\"name\":\"Comment\",\"target\":[\"https:\/\/educacionenlinea.uic.mx\/blog\/licenciaturas\/estudiar-a-distancia-reto-equilibrar-vida-laboral-personal\/#respond\"]}]},{\"@type\":\"WebPage\",\"@id\":\"https:\/\/educacionenlinea.uic.mx\/blog\/licenciaturas\/estudiar-a-distancia-reto-equilibrar-vida-laboral-personal\/\",\"url\":\"https:\/\/educacionenlinea.uic.mx\/blog\/licenciaturas\/estudiar-a-distancia-reto-equilibrar-vida-laboral-personal\/\",\"name\":\"Estudiar a distancia y el reto de equilibrar la vida laboral y personal - Educaci\u00f3n en l\u00ednea UIC\",\"isPartOf\":{\"@id\":\"https:\/\/educacionenlinea.uic.mx\/blog\/#website\"},\"primaryImageOfPage\":{\"@id\":\"https:\/\/educacionenlinea.uic.mx\/blog\/licenciaturas\/estudiar-a-distancia-reto-equilibrar-vida-laboral-personal\/#primaryimage\"},\"image\":{\"@id\":\"https:\/\/educacionenlinea.uic.mx\/blog\/licenciaturas\/estudiar-a-distancia-reto-equilibrar-vida-laboral-personal\/#primaryimage\"},\"thumbnailUrl\":\"https:\/\/educacionenlinea.uic.mx\/blog\/wp-content\/uploads\/2024\/09\/Portada-23SEP24-1.jpg\",\"datePublished\":\"2024-09-24T03:51:00+00:00\",\"dateModified\":\"2024-09-30T19:32:12+00:00\",\"author\":{\"@id\":\"https:\/\/educacionenlinea.uic.mx\/blog\/#\/schema\/person\/4676eebf557016077c4ffa18154deaa7\"},\"description\":\"La flexibilidad que otorga el estudiar a distancia para mejorar las oportunidades laborales o para continuar con una formaci\u00f3n acad\u00e9mica ...\",\"breadcrumb\":{\"@id\":\"https:\/\/educacionenlinea.uic.mx\/blog\/licenciaturas\/estudiar-a-distancia-reto-equilibrar-vida-laboral-personal\/#breadcrumb\"},\"inLanguage\":\"es\",\"potentialAction\":[{\"@type\":\"ReadAction\",\"target\":[\"https:\/\/educacionenlinea.uic.mx\/blog\/licenciaturas\/estudiar-a-distancia-reto-equilibrar-vida-laboral-personal\/\"]}]},{\"@type\":\"ImageObject\",\"inLanguage\":\"es\",\"@id\":\"https:\/\/educacionenlinea.uic.mx\/blog\/licenciaturas\/estudiar-a-distancia-reto-equilibrar-vida-laboral-personal\/#primaryimage\",\"url\":\"https:\/\/educacionenlinea.uic.mx\/blog\/wp-content\/uploads\/2024\/09\/Portada-23SEP24-1.jpg\",\"contentUrl\":\"https:\/\/educacionenlinea.uic.mx\/blog\/wp-content\/uploads\/2024\/09\/Portada-23SEP24-1.jpg\",\"width\":2560,\"height\":960,\"caption\":\"estudiar a distancia, trabajar y vida personal\"},{\"@type\":\"BreadcrumbList\",\"@id\":\"https:\/\/educacionenlinea.uic.mx\/blog\/licenciaturas\/estudiar-a-distancia-reto-equilibrar-vida-laboral-personal\/#breadcrumb\",\"itemListElement\":[{\"@type\":\"ListItem\",\"position\":1,\"name\":\"Inicio\",\"item\":\"https:\/\/educacionenlinea.uic.mx\/blog\/\"},{\"@type\":\"ListItem\",\"position\":2,\"name\":\"Estudiar a distancia y el reto de equilibrar la vida laboral y personal\"}]},{\"@type\":\"WebSite\",\"@id\":\"https:\/\/educacionenlinea.uic.mx\/blog\/#website\",\"url\":\"https:\/\/educacionenlinea.uic.mx\/blog\/\",\"name\":\"Educaci\u00f3n en l\u00ednea UIC\",\"description\":\"Blog UIC Online\",\"potentialAction\":[{\"@type\":\"SearchAction\",\"target\":{\"@type\":\"EntryPoint\",\"urlTemplate\":\"https:\/\/educacionenlinea.uic.mx\/blog\/?s={search_term_string}\"},\"query-input\":{\"@type\":\"PropertyValueSpecification\",\"valueRequired\":true,\"valueName\":\"search_term_string\"}}],\"inLanguage\":\"es\"},{\"@type\":\"Person\",\"@id\":\"https:\/\/educacionenlinea.uic.mx\/blog\/#\/schema\/person\/4676eebf557016077c4ffa18154deaa7\",\"name\":\"Lucero Ju\u00e1rez\",\"image\":{\"@type\":\"ImageObject\",\"inLanguage\":\"es\",\"@id\":\"https:\/\/educacionenlinea.uic.mx\/blog\/#\/schema\/person\/image\/\",\"url\":\"https:\/\/secure.gravatar.com\/avatar\/5fcd0456fa2007de4e4ae291187360223c1751810cc7363e51863631a3271a85?s=96&d=mm&r=g\",\"contentUrl\":\"https:\/\/secure.gravatar.com\/avatar\/5fcd0456fa2007de4e4ae291187360223c1751810cc7363e51863631a3271a85?s=96&d=mm&r=g\",\"caption\":\"Lucero Ju\u00e1rez\"},\"url\":\"https:\/\/educacionenlinea.uic.mx\/blog\/author\/lucero\/\"}]}<\/script>\n<!-- \/ Yoast SEO plugin. -->","yoast_head_json":{"title":"Estudiar a distancia y el reto de equilibrar la vida laboral y personal - Educaci\u00f3n en l\u00ednea UIC","description":"La flexibilidad que otorga el estudiar a distancia para mejorar las oportunidades laborales o para continuar con una formaci\u00f3n acad\u00e9mica ...","robots":{"index":"index","follow":"follow","max-snippet":"max-snippet:-1","max-image-preview":"max-image-preview:large","max-video-preview":"max-video-preview:-1"},"canonical":"https:\/\/educacionenlinea.uic.mx\/blog\/licenciaturas\/estudiar-a-distancia-reto-equilibrar-vida-laboral-personal\/","og_locale":"es_MX","og_type":"article","og_title":"Estudiar a distancia y el reto de equilibrar la vida laboral y personal - Educaci\u00f3n en l\u00ednea UIC","og_description":"La flexibilidad que otorga el estudiar a distancia para mejorar las oportunidades laborales o para continuar con una formaci\u00f3n acad\u00e9mica ...","og_url":"https:\/\/educacionenlinea.uic.mx\/blog\/licenciaturas\/estudiar-a-distancia-reto-equilibrar-vida-laboral-personal\/","og_site_name":"Educaci\u00f3n en l\u00ednea UIC","article_published_time":"2024-09-24T03:51:00+00:00","article_modified_time":"2024-09-30T19:32:12+00:00","og_image":[{"width":2560,"height":960,"url":"https:\/\/educacionenlinea.uic.mx\/blog\/wp-content\/uploads\/2024\/09\/Portada-23SEP24-1.jpg","type":"image\/jpeg"}],"author":"Lucero Ju\u00e1rez","twitter_card":"summary_large_image","twitter_misc":{"Escrito por":"Lucero Ju\u00e1rez","Tiempo de lectura":"4 minutos"},"schema":{"@context":"https:\/\/schema.org","@graph":[{"@type":"Article","@id":"https:\/\/educacionenlinea.uic.mx\/blog\/licenciaturas\/estudiar-a-distancia-reto-equilibrar-vida-laboral-personal\/#article","isPartOf":{"@id":"https:\/\/educacionenlinea.uic.mx\/blog\/licenciaturas\/estudiar-a-distancia-reto-equilibrar-vida-laboral-personal\/"},"author":{"name":"Lucero Ju\u00e1rez","@id":"https:\/\/educacionenlinea.uic.mx\/blog\/#\/schema\/person\/4676eebf557016077c4ffa18154deaa7"},"headline":"Estudiar a distancia y el reto de equilibrar la vida laboral y personal","datePublished":"2024-09-24T03:51:00+00:00","dateModified":"2024-09-30T19:32:12+00:00","mainEntityOfPage":{"@id":"https:\/\/educacionenlinea.uic.mx\/blog\/licenciaturas\/estudiar-a-distancia-reto-equilibrar-vida-laboral-personal\/"},"wordCount":600,"commentCount":0,"image":{"@id":"https:\/\/educacionenlinea.uic.mx\/blog\/licenciaturas\/estudiar-a-distancia-reto-equilibrar-vida-laboral-personal\/#primaryimage"},"thumbnailUrl":"https:\/\/educacionenlinea.uic.mx\/blog\/wp-content\/uploads\/2024\/09\/Portada-23SEP24-1.jpg","keywords":["Beneficios estudiar a distancia","Estudiar a distancia","Estudiar y trabajar","Licenciaturas a distancia","Posgrados a distancia"],"articleSection":["Educaci\u00f3n Continua","Licenciaturas","Posgrados"],"inLanguage":"es","potentialAction":[{"@type":"CommentAction","name":"Comment","target":["https:\/\/educacionenlinea.uic.mx\/blog\/licenciaturas\/estudiar-a-distancia-reto-equilibrar-vida-laboral-personal\/#respond"]}]},{"@type":"WebPage","@id":"https:\/\/educacionenlinea.uic.mx\/blog\/licenciaturas\/estudiar-a-distancia-reto-equilibrar-vida-laboral-personal\/","url":"https:\/\/educacionenlinea.uic.mx\/blog\/licenciaturas\/estudiar-a-distancia-reto-equilibrar-vida-laboral-personal\/","name":"Estudiar a distancia y el reto de equilibrar la vida laboral y personal - Educaci\u00f3n en l\u00ednea UIC","isPartOf":{"@id":"https:\/\/educacionenlinea.uic.mx\/blog\/#website"},"primaryImageOfPage":{"@id":"https:\/\/educacionenlinea.uic.mx\/blog\/licenciaturas\/estudiar-a-distancia-reto-equilibrar-vida-laboral-personal\/#primaryimage"},"image":{"@id":"https:\/\/educacionenlinea.uic.mx\/blog\/licenciaturas\/estudiar-a-distancia-reto-equilibrar-vida-laboral-personal\/#primaryimage"},"thumbnailUrl":"https:\/\/educacionenlinea.uic.mx\/blog\/wp-content\/uploads\/2024\/09\/Portada-23SEP24-1.jpg","datePublished":"2024-09-24T03:51:00+00:00","dateModified":"2024-09-30T19:32:12+00:00","author":{"@id":"https:\/\/educacionenlinea.uic.mx\/blog\/#\/schema\/person\/4676eebf557016077c4ffa18154deaa7"},"description":"La flexibilidad que otorga el estudiar a distancia para mejorar las oportunidades laborales o para continuar con una formaci\u00f3n acad\u00e9mica ...","breadcrumb":{"@id":"https:\/\/educacionenlinea.uic.mx\/blog\/licenciaturas\/estudiar-a-distancia-reto-equilibrar-vida-laboral-personal\/#breadcrumb"},"inLanguage":"es","potentialAction":[{"@type":"ReadAction","target":["https:\/\/educacionenlinea.uic.mx\/blog\/licenciaturas\/estudiar-a-distancia-reto-equilibrar-vida-laboral-personal\/"]}]},{"@type":"ImageObject","inLanguage":"es","@id":"https:\/\/educacionenlinea.uic.mx\/blog\/licenciaturas\/estudiar-a-distancia-reto-equilibrar-vida-laboral-personal\/#primaryimage","url":"https:\/\/educacionenlinea.uic.mx\/blog\/wp-content\/uploads\/2024\/09\/Portada-23SEP24-1.jpg","contentUrl":"https:\/\/educacionenlinea.uic.mx\/blog\/wp-content\/uploads\/2024\/09\/Portada-23SEP24-1.jpg","width":2560,"height":960,"caption":"estudiar a distancia, trabajar y vida personal"},{"@type":"BreadcrumbList","@id":"https:\/\/educacionenlinea.uic.mx\/blog\/licenciaturas\/estudiar-a-distancia-reto-equilibrar-vida-laboral-personal\/#breadcrumb","itemListElement":[{"@type":"ListItem","position":1,"name":"Inicio","item":"https:\/\/educacionenlinea.uic.mx\/blog\/"},{"@type":"ListItem","position":2,"name":"Estudiar a distancia y el reto de equilibrar la vida laboral y personal"}]},{"@type":"WebSite","@id":"https:\/\/educacionenlinea.uic.mx\/blog\/#website","url":"https:\/\/educacionenlinea.uic.mx\/blog\/","name":"Educaci\u00f3n en l\u00ednea UIC","description":"Blog UIC Online","potentialAction":[{"@type":"SearchAction","target":{"@type":"EntryPoint","urlTemplate":"https:\/\/educacionenlinea.uic.mx\/blog\/?s={search_term_string}"},"query-input":{"@type":"PropertyValueSpecification","valueRequired":true,"valueName":"search_term_string"}}],"inLanguage":"es"},{"@type":"Person","@id":"https:\/\/educacionenlinea.uic.mx\/blog\/#\/schema\/person\/4676eebf557016077c4ffa18154deaa7","name":"Lucero Ju\u00e1rez","image":{"@type":"ImageObject","inLanguage":"es","@id":"https:\/\/educacionenlinea.uic.mx\/blog\/#\/schema\/person\/image\/","url":"https:\/\/secure.gravatar.com\/avatar\/5fcd0456fa2007de4e4ae291187360223c1751810cc7363e51863631a3271a85?s=96&d=mm&r=g","contentUrl":"https:\/\/secure.gravatar.com\/avatar\/5fcd0456fa2007de4e4ae291187360223c1751810cc7363e51863631a3271a85?s=96&d=mm&r=g","caption":"Lucero Ju\u00e1rez"},"url":"https:\/\/educacionenlinea.uic.mx\/blog\/author\/lucero\/"}]}},"_links":{"self":[{"href":"https:\/\/educacionenlinea.uic.mx\/blog\/wp-json\/wp\/v2\/posts\/85538","targetHints":{"allow":["GET"]}}],"collection":[{"href":"https:\/\/educacionenlinea.uic.mx\/blog\/wp-json\/wp\/v2\/posts"}],"about":[{"href":"https:\/\/educacionenlinea.uic.mx\/blog\/wp-json\/wp\/v2\/types\/post"}],"author":[{"embeddable":true,"href":"https:\/\/educacionenlinea.uic.mx\/blog\/wp-json\/wp\/v2\/users\/3"}],"replies":[{"embeddable":true,"href":"https:\/\/educacionenlinea.uic.mx\/blog\/wp-json\/wp\/v2\/comments?post=85538"}],"version-history":[{"count":4,"href":"https:\/\/educacionenlinea.uic.mx\/blog\/wp-json\/wp\/v2\/posts\/85538\/revisions"}],"predecessor-version":[{"id":85546,"href":"https:\/\/educacionenlinea.uic.mx\/blog\/wp-json\/wp\/v2\/posts\/85538\/revisions\/85546"}],"wp:featuredmedia":[{"embeddable":true,"href":"https:\/\/educacionenlinea.uic.mx\/blog\/wp-json\/wp\/v2\/media\/85557"}],"wp:attachment":[{"href":"https:\/\/educacionenlinea.uic.mx\/blog\/wp-json\/wp\/v2\/media?parent=85538"}],"wp:term":[{"taxonomy":"category","embeddable":true,"href":"https:\/\/educacionenlinea.uic.mx\/blog\/wp-json\/wp\/v2\/categories?post=85538"},{"taxonomy":"post_tag","embeddable":true,"href":"https:\/\/educacionenlinea.uic.mx\/blog\/wp-json\/wp\/v2\/tags?post=85538"}],"curies":[{"name":"wp","href":"https:\/\/api.w.org\/{rel}","templated":true}]}}