{"id":84688,"date":"2024-01-05T13:31:09","date_gmt":"2024-01-05T19:31:09","guid":{"rendered":"https:\/\/educacionenlinea.uic.mx\/blog\/?p=84688"},"modified":"2024-02-16T13:21:32","modified_gmt":"2024-02-16T19:21:32","slug":"politica-educativa-mexico-continuidad","status":"publish","type":"post","link":"https:\/\/educacionenlinea.uic.mx\/blog\/posgrados\/politica-educativa-mexico-continuidad\/","title":{"rendered":"Pol\u00edtica educativa en M\u00e9xico: \u00bfContinuidad o ruptura?"},"content":{"rendered":"\n<p>Uno de los debates m\u00e1s frecuentes en torno a la pol\u00edtica educativa en nuestro pa\u00eds es su <strong>falta de continuidad<\/strong>, solemos pensar que seis a\u00f1os son muy pocos como para que una pol\u00edtica p\u00fablica brinde frutos. <\/p>\n\n\n\n<p>Los <a href=\"https:\/\/educacionenlinea.uic.mx\/posgrados-en-linea\/programas\/doctorado-en-educacion.html?utm_source=bl&amp;utm_medium=organic&amp;utm_campaign=cd\"><mark style=\"background-color:rgba(0, 0, 0, 0);color:#0334e6\" class=\"has-inline-color\">docentes<\/mark><\/a> cuestionan que la asimilaci\u00f3n de las reformas es <strong>progresiva y gradual<\/strong>, y cuando han adquirido la experiencia y reconocido las directrices y lineamientos de la misma, concluye el sexenio y un nuevo gobierno implementa otro plan de acci\u00f3n. <\/p>\n\n\n\n<p class=\"has-background\" style=\"background-color:#1fb85f61\">Este planteamiento nos hace reflexionar varias cosas, la m\u00e1s evidente aquello que recomend\u00f3 Fernando Reimers, en el sentido de que a las <strong>pol\u00edticas p\u00fablicas hay que darles el tiempo necesario para que tengan el \u00e9xito que de ellas se espera.<\/strong><\/p>\n\n\n\n<p>Pero, tambi\u00e9n es posible pensar en la <strong>conveniencia de no mantener una pol\u00edtica p\u00fablica por un periodo prolongado.<\/strong><\/p>\n\n\n\n<h2 class=\"wp-block-heading\">Hablemos sobre pol\u00edtica educativa<\/h2>\n\n\n\n<p>En septiembre 2023 en el marco del arranque de los programas cuatrimestrales de los <strong>Posgrados en Desarrollo Humano de la Universidad Intercontinental<\/strong>, el Dr. Rub\u00e9n Altamirano present\u00f3 la conferencia magistral titula <em>\u201cAportes y retos para la intervenci\u00f3n y la innovaci\u00f3n educativa en el marco de la Nueva Escuela Mexicana\u201d<\/em>, en ella cit\u00f3 el caso de una escuela canadiense que cambiaba su modelo educativo con relativa frecuencia y la raz\u00f3n que argumentaba es que la <strong>sociedad no es est\u00e1tica<\/strong>; por el contrario, es din\u00e1mica, cambiante.<\/p>\n\n\n\n<p>Las demandas de padres de familia y las necesidades de los alumnos no son siempre las mismas. En este sentido, creo que tambi\u00e9n podemos pensar en la posibilidad de contar con <strong>pol\u00edticas educativas<\/strong> que se vayan <strong>adaptando<\/strong> a la realidad social, cultural y pol\u00edtica que el pa\u00eds vaya presentado.<\/p>\n\n\n\n<p class=\"has-background\" style=\"background-color:#1fb85f61\">Entonces, persiste la pregunta, <strong>\u00bfa las pol\u00edticas p\u00fablicas le damos continuidad o pensamos en un cambio r\u00e1pido de paradigma?<\/strong> En las l\u00edneas siguientes tratar\u00e9 de esbozar una respuesta.<\/p>\n\n\n\n<h2 class=\"wp-block-heading\"><strong>\u00bfQui\u00e9n hace la pol\u00edtica educativa en M\u00e9xico?<\/strong> <strong>Continuidad de las pol\u00edticas educativas<\/strong><\/h2>\n\n\n\n<figure class=\"wp-block-image size-large\"><img loading=\"lazy\" decoding=\"async\" width=\"1024\" height=\"485\" src=\"https:\/\/educacionenlinea.uic.mx\/blog\/wp-content\/uploads\/2024\/01\/Img-1-2-1024x485.jpg\" alt=\"\u00bfQui\u00e9n hace la pol\u00edtica educativa en M\u00e9xico? Continuidad de las pol\u00edticas educativas\" class=\"wp-image-84756\" srcset=\"https:\/\/educacionenlinea.uic.mx\/blog\/wp-content\/uploads\/2024\/01\/Img-1-2-1024x485.jpg 1024w, https:\/\/educacionenlinea.uic.mx\/blog\/wp-content\/uploads\/2024\/01\/Img-1-2-300x142.jpg 300w, https:\/\/educacionenlinea.uic.mx\/blog\/wp-content\/uploads\/2024\/01\/Img-1-2-768x364.jpg 768w, https:\/\/educacionenlinea.uic.mx\/blog\/wp-content\/uploads\/2024\/01\/Img-1-2-1536x728.jpg 1536w, https:\/\/educacionenlinea.uic.mx\/blog\/wp-content\/uploads\/2024\/01\/Img-1-2-2048x970.jpg 2048w\" sizes=\"auto, (max-width: 1024px) 100vw, 1024px\" \/><\/figure>\n\n\n\n<p>Es indiscutible que un gobierno entrante busque legitimidad entre los ciudadanos, y una manera de hacerlo es distanciarse de aquellas decisiones tomadas en el r\u00e9gimen anterior. <\/p>\n\n\n\n<p class=\"has-background\" style=\"background-color:#1fb85f61\">Lo cuestionable aqu\u00ed es que en ese af\u00e1n <strong>no hay un ejercicio de evaluaci\u00f3n libre de prejuicios<\/strong> y se d\u00e9 continuidad a aquellos programas o pol\u00edticas que han mostrado atenuar un problema o que est\u00e9n en v\u00edas de resolverlo.<\/p>\n\n\n\n<p>Se podr\u00e1 argumentar por otra parte, que durante el periodo conocido como <strong>neoliberal <\/strong>se plantearon una serie de reformas encaminadas a educar los cuadros que demandar\u00edan las empresas, y en este marco se modific\u00f3 el curriculum a nivel b\u00e1sico y medio superior para <strong><a href=\"https:\/\/educacionenlinea.uic.mx\/posgrados-en-linea\/programas\/doctorado-en-educacion.html?utm_source=bl&amp;utm_medium=organic&amp;utm_campaign=cd\" target=\"_blank\" rel=\"noreferrer noopener\"><mark style=\"background-color:rgba(0, 0, 0, 0);color:#0334e6\" class=\"has-inline-color\">privilegiar a las ciencias duras<\/mark><\/a><\/strong> o que se busc\u00f3 atraer a los mejores candidatos al sistema educativo nacional mediante los concursos de oposici\u00f3n, <strong>todo con la finalidad de alcanzar la ansiada \u201ccalidad\u201d en la educaci\u00f3n. <\/strong><\/p>\n\n\n\n<p>Sin embargo, los resultados obtenidos en las pruebas estandarizadas segu\u00edan mostrando un <strong>rezago importante en los aprendizajes<\/strong> y en las destrezas de los alumnos. Bajo este evidente fracaso, es l\u00f3gico pensar en un viraje de tim\u00f3n y un cambio de ruta. No obstante, <strong>\u00bfcu\u00e1ndo optar por la continuidad y cu\u00e1ndo por el cambio?<\/strong><\/p>\n\n\n\n<p>Me parece que la respuesta se encuentra en funci\u00f3n de la <strong>definici\u00f3n cl\u00e1sica de pol\u00edtica p\u00fablica<\/strong>: <\/p>\n\n\n\n<p class=\"has-background\" style=\"background-color:#1fb85f61\">&#8230; Un programa instrumentado por el Estado para <strong>resolver un problema p\u00fablico<\/strong>. Esta acci\u00f3n demanda un seguimiento puntual y una evaluaci\u00f3n, la cual debe ser organizada por una <strong>instituci\u00f3n aut\u00f3noma<\/strong>, totalmente independiente de la <strong>influencia gubernamental<\/strong>.<\/p>\n\n\n\n<p>Una <strong>evaluaci\u00f3n transparente<\/strong> podr\u00eda revelar si el programa est\u00e1 cumpliendo con los objetivos y cu\u00e1les ser\u00edan las \u00e1reas de oportunidad o aspectos a mejorar. <\/p>\n\n\n\n<p>La soluci\u00f3n de un problema no suele venir de forma inmediata, m\u00e1xime en pa\u00edses como el nuestro en donde impera la corrupci\u00f3n y la impunidad, empero eso no debe ser motivo de desaliento. <\/p>\n\n\n\n<p>Un <strong>compromiso pol\u00edtico <\/strong>para que las cosas funcionen deben suscribirlo tanto las autoridades como ciudadan\u00eda; es decir, depende en buena medida de nosotros mismos si queremos que las soluciones lleguen de manera temprana o que se extiendan en el tiempo.&nbsp; &nbsp;<\/p>\n\n\n\n<h2 class=\"wp-block-heading\"><strong>\u00bfCu\u00e1l es la pol\u00edtica educativa actual?<\/strong>&nbsp;&nbsp;&nbsp;&nbsp;&nbsp;&nbsp;&nbsp;<\/h2>\n\n\n\n<figure class=\"wp-block-image size-large\"><img loading=\"lazy\" decoding=\"async\" width=\"1024\" height=\"485\" src=\"https:\/\/educacionenlinea.uic.mx\/blog\/wp-content\/uploads\/2024\/01\/IMg-2-2-1024x485.jpg\" alt=\"\u00bfCu\u00e1l es la pol\u00edtica educativa actual?\u00a0\u00a0\u00a0\u00a0\u00a0\u00a0\u00a0\" class=\"wp-image-84757\" srcset=\"https:\/\/educacionenlinea.uic.mx\/blog\/wp-content\/uploads\/2024\/01\/IMg-2-2-1024x485.jpg 1024w, https:\/\/educacionenlinea.uic.mx\/blog\/wp-content\/uploads\/2024\/01\/IMg-2-2-300x142.jpg 300w, https:\/\/educacionenlinea.uic.mx\/blog\/wp-content\/uploads\/2024\/01\/IMg-2-2-768x364.jpg 768w, https:\/\/educacionenlinea.uic.mx\/blog\/wp-content\/uploads\/2024\/01\/IMg-2-2-1536x728.jpg 1536w, https:\/\/educacionenlinea.uic.mx\/blog\/wp-content\/uploads\/2024\/01\/IMg-2-2-2048x970.jpg 2048w\" sizes=\"auto, (max-width: 1024px) 100vw, 1024px\" \/><\/figure>\n\n\n\n<p>El&nbsp;15 de mayo de 2019,&nbsp;se public\u00f3 en el Diario Oficial de la Federaci\u00f3n el Decreto por el que se reforman, adicionan y derogan diversas disposiciones de los art\u00edculos <strong>3\u00b0, 31 y 73<\/strong> de la Constituci\u00f3n Pol\u00edtica de los Estados Unidos Mexicanos en materia educativa. <\/p>\n\n\n\n<p>El nuevo marco legal se puede entender desde los aspectos \u00e9tico-jur\u00eddicos, pedag\u00f3gicos y metodol\u00f3gicos que fundamentan la llamada <strong>Nueva Escuela Mexicana (NEM).<\/strong><\/p>\n\n\n\n<p>Las modificaciones constitucionales dieron paso a una serie de reformas en las leyes que regulan la educaci\u00f3n en M\u00e9xico. La nueva legislaci\u00f3n constituye el marco legal que rige al <strong>Sistema Educativo Mexicano<\/strong> (SEM), sus agentes, fines y funciones, as\u00ed como el dise\u00f1o de planes, programas, curr\u00edculo, criterios para la formaci\u00f3n docente, entre otros. <\/p>\n\n\n\n<p>En espec\u00edfico, se debe considerar que las modificaciones al <strong>art\u00edculo tercero constitucional<\/strong> y las leyes derivadas, nos revelan el tipo de ciudadano mexicano que el gobierno actual considera se debe formar a futuro, a partir de los principios y valores \u00e9ticos, jur\u00eddicos, pedag\u00f3gicos y t\u00e9cnicos de la <strong>nueva pol\u00edtica educativa mexicana.<\/strong><\/p>\n\n\n\n<p>Ahora bien, los especialistas se han dado a la tarea de indagar si dichas reformas en verdad constituyen un parteaguas, un antes y un despu\u00e9s, en el sistema educativo mexicano. <\/p>\n\n\n\n<p class=\"has-background\" style=\"background-color:#1fb85f61\">Por ello conviene profundizar en el <strong>estudio de la nueva pol\u00edtica educativa<\/strong>, de lo que ahora se llama la Nueva Escuela Mexicana, lo cual forma parte de las discusiones, an\u00e1lisis y reflexiones en el <strong><a href=\"https:\/\/educacionenlinea.uic.mx\/posgrados-en-linea\/programas\/doctorado-en-educacion.html?utm_source=bl&amp;utm_medium=organic&amp;utm_campaign=cd\" target=\"_blank\" rel=\"noreferrer noopener\"><mark style=\"background-color:rgba(0, 0, 0, 0);color:#0334e6\" class=\"has-inline-color\">Doctorado en Educaci\u00f3n<\/mark><\/a> <\/strong>que ofrece la <strong>Universidad Intercontinental<\/strong>, en la acentuaci\u00f3n de <strong>Pol\u00edtica Educativa y Gesti\u00f3n Escolar. <\/strong><\/p>\n\n\n\n<p>Desde el di\u00e1logo acad\u00e9mico se pueden ubicar las novedades, los avances, las innovaciones introducidas por el legislador; as\u00ed como aquellos aspectos que podr\u00edan mostrar los muchos pendientes que hay en nuestro sistema educativo.<\/p>\n\n\n\n<h2 class=\"wp-block-heading\">M\u00e1s informaci\u00f3n<\/h2>\n\n\n\n<p class=\"has-background\" style=\"background-color:#dc49493b\"><strong><a href=\"https:\/\/api.whatsapp.com\/send?phone=5215571139216&amp;text=Quiero+informaci%C3%B3n+de+su+oferta+educativa+&amp;utm_source=bl&amp;utm_medium=organic&amp;utm_campaign=cd\" target=\"_blank\" rel=\"noreferrer noopener\"><mark style=\"background-color:rgba(0, 0, 0, 0);color:#0334e6\" class=\"has-inline-color\">Agenda una sesi\u00f3n informativa<\/mark><\/a><\/strong> del <strong><a href=\"https:\/\/educacionenlinea.uic.mx\/posgrados-en-linea\/programas\/doctorado-en-educacion.html?utm_source=bl&amp;utm_medium=organic&amp;utm_campaign=cd\" target=\"_blank\" rel=\"noreferrer noopener\"><mark style=\"background-color:rgba(0, 0, 0, 0);color:#0334e6\" class=\"has-inline-color\">Doctorado en Educaci\u00f3n<\/mark><\/a> <\/strong>con modalidad a distancia, con un asesor educativo y s\u00e9 parte del grupo de investigaci\u00f3n que aborda esta problem\u00e1tica en el pa\u00eds. <\/p>\n\n\n\n<p><strong>Autor.<\/strong> Juan Alfonso Mil\u00e1n L\u00f3pez. Profesor de los posgrados en educaci\u00f3n de la UIC. Investigador de la BUAP y candidato al SNI.<\/p>\n","protected":false},"excerpt":{"rendered":"<p>Uno de los debates m\u00e1s frecuentes en torno a la pol\u00edtica educativa en nuestro pa\u00eds es su falta de continuidad, [&hellip;]<\/p>\n","protected":false},"author":3,"featured_media":84755,"comment_status":"open","ping_status":"open","sticky":false,"template":"","format":"standard","meta":{"footnotes":""},"categories":[1,12],"tags":[498,499,500,497],"class_list":["post-84688","post","type-post","status-publish","format-standard","has-post-thumbnail","hentry","category-general","category-posgrados","tag-educacion-politicas-publicas","tag-ejemplo-de-politica-educativa","tag-legislacion-y-politica-educativa","tag-politicas-educativas"],"yoast_head":"<!-- This site is optimized with the Yoast SEO plugin v27.0 - https:\/\/yoast.com\/product\/yoast-seo-wordpress\/ -->\n<title>Pol\u00edtica educativa en M\u00e9xico: \u00bfContinuidad o ruptura? - Educaci\u00f3n en l\u00ednea UIC<\/title>\n<meta name=\"description\" content=\"Los especialistas se preguntan si la pol\u00edtica educativa en M\u00e9xico solo son ejercicios en ruptura o se puede continuar un proceso de...\" \/>\n<meta name=\"robots\" content=\"index, follow, max-snippet:-1, max-image-preview:large, max-video-preview:-1\" \/>\n<link rel=\"canonical\" href=\"https:\/\/educacionenlinea.uic.mx\/blog\/posgrados\/politica-educativa-mexico-continuidad\/\" \/>\n<meta property=\"og:locale\" content=\"es_MX\" \/>\n<meta property=\"og:type\" content=\"article\" \/>\n<meta property=\"og:title\" content=\"Pol\u00edtica educativa en M\u00e9xico: \u00bfContinuidad o ruptura? - Educaci\u00f3n en l\u00ednea UIC\" \/>\n<meta property=\"og:description\" content=\"Los especialistas se preguntan si la pol\u00edtica educativa en M\u00e9xico solo son ejercicios en ruptura o se puede continuar un proceso de...\" \/>\n<meta property=\"og:url\" content=\"https:\/\/educacionenlinea.uic.mx\/blog\/posgrados\/politica-educativa-mexico-continuidad\/\" \/>\n<meta property=\"og:site_name\" content=\"Educaci\u00f3n en l\u00ednea UIC\" \/>\n<meta property=\"article:published_time\" content=\"2024-01-05T19:31:09+00:00\" \/>\n<meta property=\"article:modified_time\" content=\"2024-02-16T19:21:32+00:00\" \/>\n<meta property=\"og:image\" content=\"https:\/\/educacionenlinea.uic.mx\/blog\/wp-content\/uploads\/2024\/01\/Portad-blog-correo-3-scaled.jpg\" \/>\n\t<meta property=\"og:image:width\" content=\"2560\" \/>\n\t<meta property=\"og:image:height\" content=\"960\" \/>\n\t<meta property=\"og:image:type\" content=\"image\/jpeg\" \/>\n<meta name=\"author\" content=\"Lucero Ju\u00e1rez\" \/>\n<meta name=\"twitter:card\" content=\"summary_large_image\" \/>\n<meta name=\"twitter:label1\" content=\"Escrito por\" \/>\n\t<meta name=\"twitter:data1\" content=\"Lucero Ju\u00e1rez\" \/>\n\t<meta name=\"twitter:label2\" content=\"Tiempo de lectura\" \/>\n\t<meta name=\"twitter:data2\" content=\"6 minutos\" \/>\n<script type=\"application\/ld+json\" class=\"yoast-schema-graph\">{\"@context\":\"https:\/\/schema.org\",\"@graph\":[{\"@type\":\"Article\",\"@id\":\"https:\/\/educacionenlinea.uic.mx\/blog\/posgrados\/politica-educativa-mexico-continuidad\/#article\",\"isPartOf\":{\"@id\":\"https:\/\/educacionenlinea.uic.mx\/blog\/posgrados\/politica-educativa-mexico-continuidad\/\"},\"author\":{\"name\":\"Lucero Ju\u00e1rez\",\"@id\":\"https:\/\/educacionenlinea.uic.mx\/blog\/#\/schema\/person\/4676eebf557016077c4ffa18154deaa7\"},\"headline\":\"Pol\u00edtica educativa en M\u00e9xico: \u00bfContinuidad o ruptura?\",\"datePublished\":\"2024-01-05T19:31:09+00:00\",\"dateModified\":\"2024-02-16T19:21:32+00:00\",\"mainEntityOfPage\":{\"@id\":\"https:\/\/educacionenlinea.uic.mx\/blog\/posgrados\/politica-educativa-mexico-continuidad\/\"},\"wordCount\":1124,\"commentCount\":0,\"image\":{\"@id\":\"https:\/\/educacionenlinea.uic.mx\/blog\/posgrados\/politica-educativa-mexico-continuidad\/#primaryimage\"},\"thumbnailUrl\":\"https:\/\/educacionenlinea.uic.mx\/blog\/wp-content\/uploads\/2024\/01\/Portad-blog-correo-3-scaled.jpg\",\"keywords\":[\"educaci\u00f3n pol\u00edticas publicas\",\"ejemplo de pol\u00edtica educativa\",\"legislaci\u00f3n y pol\u00edtica educativa\",\"pol\u00edticas educativas\"],\"articleSection\":[\"General\",\"Posgrados\"],\"inLanguage\":\"es\",\"potentialAction\":[{\"@type\":\"CommentAction\",\"name\":\"Comment\",\"target\":[\"https:\/\/educacionenlinea.uic.mx\/blog\/posgrados\/politica-educativa-mexico-continuidad\/#respond\"]}]},{\"@type\":\"WebPage\",\"@id\":\"https:\/\/educacionenlinea.uic.mx\/blog\/posgrados\/politica-educativa-mexico-continuidad\/\",\"url\":\"https:\/\/educacionenlinea.uic.mx\/blog\/posgrados\/politica-educativa-mexico-continuidad\/\",\"name\":\"Pol\u00edtica educativa en M\u00e9xico: \u00bfContinuidad o ruptura? - Educaci\u00f3n en l\u00ednea UIC\",\"isPartOf\":{\"@id\":\"https:\/\/educacionenlinea.uic.mx\/blog\/#website\"},\"primaryImageOfPage\":{\"@id\":\"https:\/\/educacionenlinea.uic.mx\/blog\/posgrados\/politica-educativa-mexico-continuidad\/#primaryimage\"},\"image\":{\"@id\":\"https:\/\/educacionenlinea.uic.mx\/blog\/posgrados\/politica-educativa-mexico-continuidad\/#primaryimage\"},\"thumbnailUrl\":\"https:\/\/educacionenlinea.uic.mx\/blog\/wp-content\/uploads\/2024\/01\/Portad-blog-correo-3-scaled.jpg\",\"datePublished\":\"2024-01-05T19:31:09+00:00\",\"dateModified\":\"2024-02-16T19:21:32+00:00\",\"author\":{\"@id\":\"https:\/\/educacionenlinea.uic.mx\/blog\/#\/schema\/person\/4676eebf557016077c4ffa18154deaa7\"},\"description\":\"Los especialistas se preguntan si la pol\u00edtica educativa en M\u00e9xico solo son ejercicios en ruptura o se puede continuar un proceso de...\",\"breadcrumb\":{\"@id\":\"https:\/\/educacionenlinea.uic.mx\/blog\/posgrados\/politica-educativa-mexico-continuidad\/#breadcrumb\"},\"inLanguage\":\"es\",\"potentialAction\":[{\"@type\":\"ReadAction\",\"target\":[\"https:\/\/educacionenlinea.uic.mx\/blog\/posgrados\/politica-educativa-mexico-continuidad\/\"]}]},{\"@type\":\"ImageObject\",\"inLanguage\":\"es\",\"@id\":\"https:\/\/educacionenlinea.uic.mx\/blog\/posgrados\/politica-educativa-mexico-continuidad\/#primaryimage\",\"url\":\"https:\/\/educacionenlinea.uic.mx\/blog\/wp-content\/uploads\/2024\/01\/Portad-blog-correo-3-scaled.jpg\",\"contentUrl\":\"https:\/\/educacionenlinea.uic.mx\/blog\/wp-content\/uploads\/2024\/01\/Portad-blog-correo-3-scaled.jpg\",\"width\":2560,\"height\":960,\"caption\":\"Pol\u00edticas educativas en M\u00e9xico: \u00bfContinuidad o ruptura?\"},{\"@type\":\"BreadcrumbList\",\"@id\":\"https:\/\/educacionenlinea.uic.mx\/blog\/posgrados\/politica-educativa-mexico-continuidad\/#breadcrumb\",\"itemListElement\":[{\"@type\":\"ListItem\",\"position\":1,\"name\":\"Inicio\",\"item\":\"https:\/\/educacionenlinea.uic.mx\/blog\/\"},{\"@type\":\"ListItem\",\"position\":2,\"name\":\"Pol\u00edtica educativa en M\u00e9xico: \u00bfContinuidad o ruptura?\"}]},{\"@type\":\"WebSite\",\"@id\":\"https:\/\/educacionenlinea.uic.mx\/blog\/#website\",\"url\":\"https:\/\/educacionenlinea.uic.mx\/blog\/\",\"name\":\"Educaci\u00f3n en l\u00ednea UIC\",\"description\":\"Blog UIC Online\",\"potentialAction\":[{\"@type\":\"SearchAction\",\"target\":{\"@type\":\"EntryPoint\",\"urlTemplate\":\"https:\/\/educacionenlinea.uic.mx\/blog\/?s={search_term_string}\"},\"query-input\":{\"@type\":\"PropertyValueSpecification\",\"valueRequired\":true,\"valueName\":\"search_term_string\"}}],\"inLanguage\":\"es\"},{\"@type\":\"Person\",\"@id\":\"https:\/\/educacionenlinea.uic.mx\/blog\/#\/schema\/person\/4676eebf557016077c4ffa18154deaa7\",\"name\":\"Lucero Ju\u00e1rez\",\"image\":{\"@type\":\"ImageObject\",\"inLanguage\":\"es\",\"@id\":\"https:\/\/educacionenlinea.uic.mx\/blog\/#\/schema\/person\/image\/\",\"url\":\"https:\/\/secure.gravatar.com\/avatar\/5fcd0456fa2007de4e4ae291187360223c1751810cc7363e51863631a3271a85?s=96&d=mm&r=g\",\"contentUrl\":\"https:\/\/secure.gravatar.com\/avatar\/5fcd0456fa2007de4e4ae291187360223c1751810cc7363e51863631a3271a85?s=96&d=mm&r=g\",\"caption\":\"Lucero Ju\u00e1rez\"},\"url\":\"https:\/\/educacionenlinea.uic.mx\/blog\/author\/lucero\/\"}]}<\/script>\n<!-- \/ Yoast SEO plugin. -->","yoast_head_json":{"title":"Pol\u00edtica educativa en M\u00e9xico: \u00bfContinuidad o ruptura? - Educaci\u00f3n en l\u00ednea UIC","description":"Los especialistas se preguntan si la pol\u00edtica educativa en M\u00e9xico solo son ejercicios en ruptura o se puede continuar un proceso de...","robots":{"index":"index","follow":"follow","max-snippet":"max-snippet:-1","max-image-preview":"max-image-preview:large","max-video-preview":"max-video-preview:-1"},"canonical":"https:\/\/educacionenlinea.uic.mx\/blog\/posgrados\/politica-educativa-mexico-continuidad\/","og_locale":"es_MX","og_type":"article","og_title":"Pol\u00edtica educativa en M\u00e9xico: \u00bfContinuidad o ruptura? - Educaci\u00f3n en l\u00ednea UIC","og_description":"Los especialistas se preguntan si la pol\u00edtica educativa en M\u00e9xico solo son ejercicios en ruptura o se puede continuar un proceso de...","og_url":"https:\/\/educacionenlinea.uic.mx\/blog\/posgrados\/politica-educativa-mexico-continuidad\/","og_site_name":"Educaci\u00f3n en l\u00ednea UIC","article_published_time":"2024-01-05T19:31:09+00:00","article_modified_time":"2024-02-16T19:21:32+00:00","og_image":[{"width":2560,"height":960,"url":"https:\/\/educacionenlinea.uic.mx\/blog\/wp-content\/uploads\/2024\/01\/Portad-blog-correo-3-scaled.jpg","type":"image\/jpeg"}],"author":"Lucero Ju\u00e1rez","twitter_card":"summary_large_image","twitter_misc":{"Escrito por":"Lucero Ju\u00e1rez","Tiempo de lectura":"6 minutos"},"schema":{"@context":"https:\/\/schema.org","@graph":[{"@type":"Article","@id":"https:\/\/educacionenlinea.uic.mx\/blog\/posgrados\/politica-educativa-mexico-continuidad\/#article","isPartOf":{"@id":"https:\/\/educacionenlinea.uic.mx\/blog\/posgrados\/politica-educativa-mexico-continuidad\/"},"author":{"name":"Lucero Ju\u00e1rez","@id":"https:\/\/educacionenlinea.uic.mx\/blog\/#\/schema\/person\/4676eebf557016077c4ffa18154deaa7"},"headline":"Pol\u00edtica educativa en M\u00e9xico: \u00bfContinuidad o ruptura?","datePublished":"2024-01-05T19:31:09+00:00","dateModified":"2024-02-16T19:21:32+00:00","mainEntityOfPage":{"@id":"https:\/\/educacionenlinea.uic.mx\/blog\/posgrados\/politica-educativa-mexico-continuidad\/"},"wordCount":1124,"commentCount":0,"image":{"@id":"https:\/\/educacionenlinea.uic.mx\/blog\/posgrados\/politica-educativa-mexico-continuidad\/#primaryimage"},"thumbnailUrl":"https:\/\/educacionenlinea.uic.mx\/blog\/wp-content\/uploads\/2024\/01\/Portad-blog-correo-3-scaled.jpg","keywords":["educaci\u00f3n pol\u00edticas publicas","ejemplo de pol\u00edtica educativa","legislaci\u00f3n y pol\u00edtica educativa","pol\u00edticas educativas"],"articleSection":["General","Posgrados"],"inLanguage":"es","potentialAction":[{"@type":"CommentAction","name":"Comment","target":["https:\/\/educacionenlinea.uic.mx\/blog\/posgrados\/politica-educativa-mexico-continuidad\/#respond"]}]},{"@type":"WebPage","@id":"https:\/\/educacionenlinea.uic.mx\/blog\/posgrados\/politica-educativa-mexico-continuidad\/","url":"https:\/\/educacionenlinea.uic.mx\/blog\/posgrados\/politica-educativa-mexico-continuidad\/","name":"Pol\u00edtica educativa en M\u00e9xico: \u00bfContinuidad o ruptura? - Educaci\u00f3n en l\u00ednea UIC","isPartOf":{"@id":"https:\/\/educacionenlinea.uic.mx\/blog\/#website"},"primaryImageOfPage":{"@id":"https:\/\/educacionenlinea.uic.mx\/blog\/posgrados\/politica-educativa-mexico-continuidad\/#primaryimage"},"image":{"@id":"https:\/\/educacionenlinea.uic.mx\/blog\/posgrados\/politica-educativa-mexico-continuidad\/#primaryimage"},"thumbnailUrl":"https:\/\/educacionenlinea.uic.mx\/blog\/wp-content\/uploads\/2024\/01\/Portad-blog-correo-3-scaled.jpg","datePublished":"2024-01-05T19:31:09+00:00","dateModified":"2024-02-16T19:21:32+00:00","author":{"@id":"https:\/\/educacionenlinea.uic.mx\/blog\/#\/schema\/person\/4676eebf557016077c4ffa18154deaa7"},"description":"Los especialistas se preguntan si la pol\u00edtica educativa en M\u00e9xico solo son ejercicios en ruptura o se puede continuar un proceso de...","breadcrumb":{"@id":"https:\/\/educacionenlinea.uic.mx\/blog\/posgrados\/politica-educativa-mexico-continuidad\/#breadcrumb"},"inLanguage":"es","potentialAction":[{"@type":"ReadAction","target":["https:\/\/educacionenlinea.uic.mx\/blog\/posgrados\/politica-educativa-mexico-continuidad\/"]}]},{"@type":"ImageObject","inLanguage":"es","@id":"https:\/\/educacionenlinea.uic.mx\/blog\/posgrados\/politica-educativa-mexico-continuidad\/#primaryimage","url":"https:\/\/educacionenlinea.uic.mx\/blog\/wp-content\/uploads\/2024\/01\/Portad-blog-correo-3-scaled.jpg","contentUrl":"https:\/\/educacionenlinea.uic.mx\/blog\/wp-content\/uploads\/2024\/01\/Portad-blog-correo-3-scaled.jpg","width":2560,"height":960,"caption":"Pol\u00edticas educativas en M\u00e9xico: \u00bfContinuidad o ruptura?"},{"@type":"BreadcrumbList","@id":"https:\/\/educacionenlinea.uic.mx\/blog\/posgrados\/politica-educativa-mexico-continuidad\/#breadcrumb","itemListElement":[{"@type":"ListItem","position":1,"name":"Inicio","item":"https:\/\/educacionenlinea.uic.mx\/blog\/"},{"@type":"ListItem","position":2,"name":"Pol\u00edtica educativa en M\u00e9xico: \u00bfContinuidad o ruptura?"}]},{"@type":"WebSite","@id":"https:\/\/educacionenlinea.uic.mx\/blog\/#website","url":"https:\/\/educacionenlinea.uic.mx\/blog\/","name":"Educaci\u00f3n en l\u00ednea UIC","description":"Blog UIC Online","potentialAction":[{"@type":"SearchAction","target":{"@type":"EntryPoint","urlTemplate":"https:\/\/educacionenlinea.uic.mx\/blog\/?s={search_term_string}"},"query-input":{"@type":"PropertyValueSpecification","valueRequired":true,"valueName":"search_term_string"}}],"inLanguage":"es"},{"@type":"Person","@id":"https:\/\/educacionenlinea.uic.mx\/blog\/#\/schema\/person\/4676eebf557016077c4ffa18154deaa7","name":"Lucero Ju\u00e1rez","image":{"@type":"ImageObject","inLanguage":"es","@id":"https:\/\/educacionenlinea.uic.mx\/blog\/#\/schema\/person\/image\/","url":"https:\/\/secure.gravatar.com\/avatar\/5fcd0456fa2007de4e4ae291187360223c1751810cc7363e51863631a3271a85?s=96&d=mm&r=g","contentUrl":"https:\/\/secure.gravatar.com\/avatar\/5fcd0456fa2007de4e4ae291187360223c1751810cc7363e51863631a3271a85?s=96&d=mm&r=g","caption":"Lucero Ju\u00e1rez"},"url":"https:\/\/educacionenlinea.uic.mx\/blog\/author\/lucero\/"}]}},"_links":{"self":[{"href":"https:\/\/educacionenlinea.uic.mx\/blog\/wp-json\/wp\/v2\/posts\/84688","targetHints":{"allow":["GET"]}}],"collection":[{"href":"https:\/\/educacionenlinea.uic.mx\/blog\/wp-json\/wp\/v2\/posts"}],"about":[{"href":"https:\/\/educacionenlinea.uic.mx\/blog\/wp-json\/wp\/v2\/types\/post"}],"author":[{"embeddable":true,"href":"https:\/\/educacionenlinea.uic.mx\/blog\/wp-json\/wp\/v2\/users\/3"}],"replies":[{"embeddable":true,"href":"https:\/\/educacionenlinea.uic.mx\/blog\/wp-json\/wp\/v2\/comments?post=84688"}],"version-history":[{"count":20,"href":"https:\/\/educacionenlinea.uic.mx\/blog\/wp-json\/wp\/v2\/posts\/84688\/revisions"}],"predecessor-version":[{"id":84896,"href":"https:\/\/educacionenlinea.uic.mx\/blog\/wp-json\/wp\/v2\/posts\/84688\/revisions\/84896"}],"wp:featuredmedia":[{"embeddable":true,"href":"https:\/\/educacionenlinea.uic.mx\/blog\/wp-json\/wp\/v2\/media\/84755"}],"wp:attachment":[{"href":"https:\/\/educacionenlinea.uic.mx\/blog\/wp-json\/wp\/v2\/media?parent=84688"}],"wp:term":[{"taxonomy":"category","embeddable":true,"href":"https:\/\/educacionenlinea.uic.mx\/blog\/wp-json\/wp\/v2\/categories?post=84688"},{"taxonomy":"post_tag","embeddable":true,"href":"https:\/\/educacionenlinea.uic.mx\/blog\/wp-json\/wp\/v2\/tags?post=84688"}],"curies":[{"name":"wp","href":"https:\/\/api.w.org\/{rel}","templated":true}]}}