{"id":84675,"date":"2024-01-05T13:22:00","date_gmt":"2024-01-05T19:22:00","guid":{"rendered":"https:\/\/educacionenlinea.uic.mx\/blog\/?p=84675"},"modified":"2024-02-19T11:15:43","modified_gmt":"2024-02-19T17:15:43","slug":"psicoterapeuta-sesion-como-es","status":"publish","type":"post","link":"https:\/\/educacionenlinea.uic.mx\/blog\/posgrados\/psicoterapeuta-sesion-como-es\/","title":{"rendered":"\u00bfCu\u00e1ndo se debe acudir con un psicoterapeuta?"},"content":{"rendered":"\n<p>El <strong>malestar emocional<\/strong> ha sido, desde siempre, una situaci\u00f3n personal que nos mueve a cada uno a actuar de determinada manera. <\/p>\n\n\n\n<p>Sin embargo, por tratarse precisamente de un malestar, se percibe como inquietud, incomodidad, necesidad de cambio, <strong>b\u00fasqueda de soluciones<\/strong> y apoyo, entre otros. <\/p>\n\n\n\n<p>Por ello, cualquier individuo que sienta que alguna situaci\u00f3n lo(la) rebasa y que necesita que alguien m\u00e1s lo(la) escuche para encontrar juntos(as) una soluci\u00f3n a lo que le sucede es candidato para solicitar <strong><a href=\"https:\/\/educacionenlinea.uic.mx\/posgrados-en-linea\/programas\/maestria-en-psicoterapia-psicoanalitica.html?utm_source=bl&amp;utm_medium=organic&amp;utm_campaign=cd\" target=\"_blank\" rel=\"noreferrer noopener\"><mark style=\"background-color:rgba(0, 0, 0, 0);color:#002ae9\" class=\"has-inline-color\">apoyo terap\u00e9utico<\/mark><\/a><\/strong>. <\/p>\n\n\n\n<p>Esto marca la pauta para considerar iniciar un proceso de <strong>psicoterapia psicoanal\u00edtica<\/strong> o de cualquier otra vertiente de apoyo a la salud mental, que es absolutamente variable y personal. Asimismo, el <strong>n\u00famero de sesiones<\/strong> no resulta espec\u00edfico, sino, por el contrario, es tan abierto como lo requiera cada consultante.<\/p>\n\n\n\n<h2 class=\"wp-block-heading\">\u00bfC\u00f3mo desarrolla un psicoterapeuta una sesi\u00f3n?<\/h2>\n\n\n\n<figure class=\"wp-block-image size-large\"><img loading=\"lazy\" decoding=\"async\" width=\"1024\" height=\"485\" src=\"https:\/\/educacionenlinea.uic.mx\/blog\/wp-content\/uploads\/2024\/01\/Img-1-1-1024x485.jpg\" alt=\"\u00bfC\u00f3mo desarrolla un psicoterapeuta una sesi\u00f3n?\" class=\"wp-image-84752\" srcset=\"https:\/\/educacionenlinea.uic.mx\/blog\/wp-content\/uploads\/2024\/01\/Img-1-1-1024x485.jpg 1024w, https:\/\/educacionenlinea.uic.mx\/blog\/wp-content\/uploads\/2024\/01\/Img-1-1-300x142.jpg 300w, https:\/\/educacionenlinea.uic.mx\/blog\/wp-content\/uploads\/2024\/01\/Img-1-1-768x364.jpg 768w, https:\/\/educacionenlinea.uic.mx\/blog\/wp-content\/uploads\/2024\/01\/Img-1-1-1536x728.jpg 1536w, https:\/\/educacionenlinea.uic.mx\/blog\/wp-content\/uploads\/2024\/01\/Img-1-1-2048x970.jpg 2048w\" sizes=\"auto, (max-width: 1024px) 100vw, 1024px\" \/><\/figure>\n\n\n\n<p>El <strong>psicoanalista<\/strong>, de la mano con sus pacientes, transita por un sinn\u00famero de sesiones donde se construye y consolida un<strong> v\u00ednculo \u00fanico<\/strong>, en el que la escucha y presencia del analista favorecen que en el paciente se configuren vivencias inigualables. <\/p>\n\n\n\n<p>Se trata de que el paciente, a lo largo del tiempo, logre internalizar una <strong>figura de constancia, confianza y certeza<\/strong> que se teje en el entramado de sus relaciones objetales. Dicha figura ser\u00e1 muestra de alguien distinto a las figuras usuales en su vida y eso, por supuesto, <strong>har\u00e1 una gran diferencia<\/strong>.<\/p>\n\n\n\n<p class=\"has-background\" style=\"background-color:#7fdcbf4f\">Frente a este escenario, en ocasiones el paciente puede plantearse la interrogante acerca de su <strong>dependencia<\/strong> con respecto al analista. <\/p>\n\n\n\n<p>Una idea a la que se oponen y que en ocasiones los impulsa a querer concluir pronto el tratamiento, o bien, no iniciarlo para evitar depender de alguien m\u00e1s para estar mejor. <\/p>\n\n\n\n<p>Sin embargo, <strong>ninguna actividad de aprendizaje ocurre de forma aislada<\/strong>, es decir, todos aprendemos a no depender y ser, pues, independientes, a partir de una dependencia inicial, la cual es fundamental y necesaria. <\/p>\n\n\n\n<p class=\"has-background\" style=\"background-color:#7fdcbf4f\">En la medida en que podemos y nos damos oportunidad de <strong>depender para aprender algo<\/strong>, ser\u00e1 posible independizarnos y continuar el camino con las herramientas suficientes.<\/p>\n\n\n\n<h2 class=\"wp-block-heading\">\u00bfCu\u00e1nto dura un proceso de terapia?<\/h2>\n\n\n\n<figure class=\"wp-block-image size-large\"><img loading=\"lazy\" decoding=\"async\" width=\"1024\" height=\"485\" src=\"https:\/\/educacionenlinea.uic.mx\/blog\/wp-content\/uploads\/2024\/01\/Img-2-1-1024x485.jpg\" alt=\"\u00bfCu\u00e1nto dura un proceso de terapia?\" class=\"wp-image-84753\" srcset=\"https:\/\/educacionenlinea.uic.mx\/blog\/wp-content\/uploads\/2024\/01\/Img-2-1-1024x485.jpg 1024w, https:\/\/educacionenlinea.uic.mx\/blog\/wp-content\/uploads\/2024\/01\/Img-2-1-300x142.jpg 300w, https:\/\/educacionenlinea.uic.mx\/blog\/wp-content\/uploads\/2024\/01\/Img-2-1-768x364.jpg 768w, https:\/\/educacionenlinea.uic.mx\/blog\/wp-content\/uploads\/2024\/01\/Img-2-1-1536x728.jpg 1536w, https:\/\/educacionenlinea.uic.mx\/blog\/wp-content\/uploads\/2024\/01\/Img-2-1-2048x970.jpg 2048w\" sizes=\"auto, (max-width: 1024px) 100vw, 1024px\" \/><\/figure>\n\n\n\n<p>Las sesiones de <strong>psicoterapia psicoanal\u00edtica<\/strong> pueden ser de orden presencial o virtual, lo cual, a pesar de puntuales diferencias, favorecen cambios terap\u00e9uticos innegables. <\/p>\n\n\n\n<p class=\"has-background\" style=\"background-color:#7fdcbf4f\">La <strong>virtualidad<\/strong> favorece el contacto r\u00e1pido y sin necesidad de desplazamientos complicados, mientras que lo <strong>presencial <\/strong>suma tambi\u00e9n en el contacto sensorial dentro del espacio anal\u00edtico.<\/p>\n\n\n\n<p>El <strong>analista <\/strong>resulta fundamental en la vida de sus pacientes, como esa <strong>persona-figura<\/strong> que est\u00e1 para ellos y que favorecer\u00e1 su <strong>crecimiento y mejora emocional<\/strong> para entonces seguir por ellos mismos el camino que decidan trazarse. <\/p>\n\n\n\n<p>Cuando los pacientes <strong>internalizan el v\u00ednculo<\/strong> con su analista, \u00e9ste los acompa\u00f1a siempre, y por ello, dejar\u00e1n de necesitarlo en alg\u00fan momento. Este proceso varia en <strong>tiempo <\/strong>de acuerdo a las necesidades del paciente, como ya hemos mencionado, no es una carrera contrarreloj.<\/p>\n\n\n\n<p>Toda vivencia de relaci\u00f3n humana genera <strong>trazas de conexi\u00f3n<\/strong> que podemos retomar desde el \u00e1mbito memor\u00edstico como un recuerdo que nos conforma con su debido referente de emoci\u00f3n. Es decir, las relaciones que se van a acumulando a lo largo de la vida y las emociones que las acompa\u00f1an, nos hacen tener referentes de v\u00ednculos particulares. <\/p>\n\n\n\n<p class=\"has-background\" style=\"background-color:#7fdcbf4f\">Es as\u00ed como tambi\u00e9n, el <strong>v\u00ednculo terap\u00e9utico<\/strong> forma parte de dichas vivencias a las que el paciente se remonta en momentos espec\u00edficos de su vida, tomando entonces las herramientas necesarias para actuar en el presente. <\/p>\n\n\n\n<p>De ah\u00ed la importancia de un <strong>v\u00ednculo terap\u00e9utico significativo<\/strong> y suficientemente bueno que deje una huella indeleble para que el paciente lo siga. <\/p>\n\n\n\n<h2 class=\"wp-block-heading\">M\u00e1s informaci\u00f3n<\/h2>\n\n\n\n<p>Si est\u00e1s en b\u00fasqueda de ayuda psicoterap\u00e9utica, en la <strong><a href=\"https:\/\/www.uic.mx\/servicios\/cuppie?utm_source=bl&amp;utm_medium=organic&amp;utm_campaign=cd\" target=\"_blank\" rel=\"noreferrer noopener\"><mark style=\"background-color:rgba(0, 0, 0, 0);color:#002ae9\" class=\"has-inline-color\">Cl\u00ednica Universitaria de Psicoterapia Psicoanal\u00edtica e Intervenci\u00f3n Educativa<\/mark><\/a> <\/strong>(CUPPIE) de la UIC, puedes solicitar la ayuda que necesitas. <\/p>\n\n\n\n<p>Por otro lado, si eres un profesional en este campo de estudio y deseas especializarte, la <strong><a href=\"https:\/\/educacionenlinea.uic.mx\/posgrados-en-linea\/programas\/maestria-en-psicoterapia-psicoanalitica.html?utm_source=bl&amp;utm_medium=organic&amp;utm_campaign=cd\" target=\"_blank\" rel=\"noreferrer noopener\"><mark style=\"background-color:rgba(0, 0, 0, 0);color:#002ae9\" class=\"has-inline-color\">Maestr\u00eda en Psicoterapia Psicoanal\u00edtica<\/mark><\/a><\/strong> de la UIC, en su modalidad a distancia, es un programa competitivo y vanguardista que te prepara como especialista cl\u00ednico. <\/p>\n\n\n\n<p class=\"has-background\" style=\"background-color:#e3919154\">Agenda una <strong>sesi\u00f3n informativa<\/strong> del programa educativo con un asesor educativo, <strong><a href=\"https:\/\/api.whatsapp.com\/send?phone=5215571139216&amp;text=Quiero+informaci%C3%B3n+de+su+oferta+educativa+&amp;utm_source=bl&amp;utm_medium=organic&amp;utm_campaign=cd\" target=\"_blank\" rel=\"noreferrer noopener\"><mark style=\"background-color:rgba(0, 0, 0, 0);color:#002ae9\" class=\"has-inline-color\">da clic aqu\u00ed<\/mark><\/a>.<\/strong><\/p>\n\n\n\n<p><strong>Autora<\/strong>. Dra. Dominique Peschard Lanzetti, acad\u00e9mica de la Universidad Intercontinental.<\/p>\n","protected":false},"excerpt":{"rendered":"<p>El malestar emocional ha sido, desde siempre, una situaci\u00f3n personal que nos mueve a cada uno a actuar de determinada [&hellip;]<\/p>\n","protected":false},"author":3,"featured_media":84913,"comment_status":"open","ping_status":"open","sticky":false,"template":"","format":"standard","meta":{"footnotes":""},"categories":[1,12],"tags":[495,492,494,493,496],"class_list":["post-84675","post","type-post","status-publish","format-standard","has-post-thumbnail","hentry","category-general","category-posgrados","tag-proceso-de-terapia","tag-psicoterapeuta","tag-psicoterapia-en-linea","tag-psicoterapia-psicoanalitica","tag-vinculo"],"yoast_head":"<!-- This site is optimized with the Yoast SEO plugin v27.0 - https:\/\/yoast.com\/product\/yoast-seo-wordpress\/ -->\n<title>\u00bfCu\u00e1ndo se debe acudir con un psicoterapeuta? - Educaci\u00f3n en l\u00ednea UIC<\/title>\n<meta name=\"description\" content=\"Acudir con un psicoterapeuta a\u00fan puede ser un tab\u00fa para algunas personas. Un proceso de psicoan\u00e1lisis est\u00e1 relacionado con el proceso...\" \/>\n<meta name=\"robots\" content=\"index, follow, max-snippet:-1, max-image-preview:large, max-video-preview:-1\" \/>\n<link rel=\"canonical\" href=\"https:\/\/educacionenlinea.uic.mx\/blog\/posgrados\/psicoterapeuta-sesion-como-es\/\" \/>\n<meta property=\"og:locale\" content=\"es_MX\" \/>\n<meta property=\"og:type\" content=\"article\" \/>\n<meta property=\"og:title\" content=\"\u00bfCu\u00e1ndo se debe acudir con un psicoterapeuta? - Educaci\u00f3n en l\u00ednea UIC\" \/>\n<meta property=\"og:description\" content=\"Acudir con un psicoterapeuta a\u00fan puede ser un tab\u00fa para algunas personas. Un proceso de psicoan\u00e1lisis est\u00e1 relacionado con el proceso...\" \/>\n<meta property=\"og:url\" content=\"https:\/\/educacionenlinea.uic.mx\/blog\/posgrados\/psicoterapeuta-sesion-como-es\/\" \/>\n<meta property=\"og:site_name\" content=\"Educaci\u00f3n en l\u00ednea UIC\" \/>\n<meta property=\"article:published_time\" content=\"2024-01-05T19:22:00+00:00\" \/>\n<meta property=\"article:modified_time\" content=\"2024-02-19T17:15:43+00:00\" \/>\n<meta property=\"og:image\" content=\"https:\/\/educacionenlinea.uic.mx\/blog\/wp-content\/uploads\/2024\/01\/Porta-1-190224-scaled.jpg\" \/>\n\t<meta property=\"og:image:width\" content=\"2560\" \/>\n\t<meta property=\"og:image:height\" content=\"960\" \/>\n\t<meta property=\"og:image:type\" content=\"image\/jpeg\" \/>\n<meta name=\"author\" content=\"Lucero Ju\u00e1rez\" \/>\n<meta name=\"twitter:card\" content=\"summary_large_image\" \/>\n<meta name=\"twitter:label1\" content=\"Escrito por\" \/>\n\t<meta name=\"twitter:data1\" content=\"Lucero Ju\u00e1rez\" \/>\n\t<meta name=\"twitter:label2\" content=\"Tiempo de lectura\" \/>\n\t<meta name=\"twitter:data2\" content=\"4 minutos\" \/>\n<script type=\"application\/ld+json\" class=\"yoast-schema-graph\">{\"@context\":\"https:\/\/schema.org\",\"@graph\":[{\"@type\":\"Article\",\"@id\":\"https:\/\/educacionenlinea.uic.mx\/blog\/posgrados\/psicoterapeuta-sesion-como-es\/#article\",\"isPartOf\":{\"@id\":\"https:\/\/educacionenlinea.uic.mx\/blog\/posgrados\/psicoterapeuta-sesion-como-es\/\"},\"author\":{\"name\":\"Lucero Ju\u00e1rez\",\"@id\":\"https:\/\/educacionenlinea.uic.mx\/blog\/#\/schema\/person\/4676eebf557016077c4ffa18154deaa7\"},\"headline\":\"\u00bfCu\u00e1ndo se debe acudir con un psicoterapeuta?\",\"datePublished\":\"2024-01-05T19:22:00+00:00\",\"dateModified\":\"2024-02-19T17:15:43+00:00\",\"mainEntityOfPage\":{\"@id\":\"https:\/\/educacionenlinea.uic.mx\/blog\/posgrados\/psicoterapeuta-sesion-como-es\/\"},\"wordCount\":738,\"commentCount\":0,\"image\":{\"@id\":\"https:\/\/educacionenlinea.uic.mx\/blog\/posgrados\/psicoterapeuta-sesion-como-es\/#primaryimage\"},\"thumbnailUrl\":\"https:\/\/educacionenlinea.uic.mx\/blog\/wp-content\/uploads\/2024\/01\/Porta-1-190224-scaled.jpg\",\"keywords\":[\"proceso de terapia\",\"Psicoterapeuta\",\"psicoterapia en l\u00ednea\",\"psicoterapia psicoanal\u00edtica\",\"v\u00ednculo\"],\"articleSection\":[\"General\",\"Posgrados\"],\"inLanguage\":\"es\",\"potentialAction\":[{\"@type\":\"CommentAction\",\"name\":\"Comment\",\"target\":[\"https:\/\/educacionenlinea.uic.mx\/blog\/posgrados\/psicoterapeuta-sesion-como-es\/#respond\"]}]},{\"@type\":\"WebPage\",\"@id\":\"https:\/\/educacionenlinea.uic.mx\/blog\/posgrados\/psicoterapeuta-sesion-como-es\/\",\"url\":\"https:\/\/educacionenlinea.uic.mx\/blog\/posgrados\/psicoterapeuta-sesion-como-es\/\",\"name\":\"\u00bfCu\u00e1ndo se debe acudir con un psicoterapeuta? - Educaci\u00f3n en l\u00ednea UIC\",\"isPartOf\":{\"@id\":\"https:\/\/educacionenlinea.uic.mx\/blog\/#website\"},\"primaryImageOfPage\":{\"@id\":\"https:\/\/educacionenlinea.uic.mx\/blog\/posgrados\/psicoterapeuta-sesion-como-es\/#primaryimage\"},\"image\":{\"@id\":\"https:\/\/educacionenlinea.uic.mx\/blog\/posgrados\/psicoterapeuta-sesion-como-es\/#primaryimage\"},\"thumbnailUrl\":\"https:\/\/educacionenlinea.uic.mx\/blog\/wp-content\/uploads\/2024\/01\/Porta-1-190224-scaled.jpg\",\"datePublished\":\"2024-01-05T19:22:00+00:00\",\"dateModified\":\"2024-02-19T17:15:43+00:00\",\"author\":{\"@id\":\"https:\/\/educacionenlinea.uic.mx\/blog\/#\/schema\/person\/4676eebf557016077c4ffa18154deaa7\"},\"description\":\"Acudir con un psicoterapeuta a\u00fan puede ser un tab\u00fa para algunas personas. Un proceso de psicoan\u00e1lisis est\u00e1 relacionado con el proceso...\",\"breadcrumb\":{\"@id\":\"https:\/\/educacionenlinea.uic.mx\/blog\/posgrados\/psicoterapeuta-sesion-como-es\/#breadcrumb\"},\"inLanguage\":\"es\",\"potentialAction\":[{\"@type\":\"ReadAction\",\"target\":[\"https:\/\/educacionenlinea.uic.mx\/blog\/posgrados\/psicoterapeuta-sesion-como-es\/\"]}]},{\"@type\":\"ImageObject\",\"inLanguage\":\"es\",\"@id\":\"https:\/\/educacionenlinea.uic.mx\/blog\/posgrados\/psicoterapeuta-sesion-como-es\/#primaryimage\",\"url\":\"https:\/\/educacionenlinea.uic.mx\/blog\/wp-content\/uploads\/2024\/01\/Porta-1-190224-scaled.jpg\",\"contentUrl\":\"https:\/\/educacionenlinea.uic.mx\/blog\/wp-content\/uploads\/2024\/01\/Porta-1-190224-scaled.jpg\",\"width\":2560,\"height\":960,\"caption\":\"Cu\u00e1ndo acudir con un terapeuta o psicoterapeuta\"},{\"@type\":\"BreadcrumbList\",\"@id\":\"https:\/\/educacionenlinea.uic.mx\/blog\/posgrados\/psicoterapeuta-sesion-como-es\/#breadcrumb\",\"itemListElement\":[{\"@type\":\"ListItem\",\"position\":1,\"name\":\"Inicio\",\"item\":\"https:\/\/educacionenlinea.uic.mx\/blog\/\"},{\"@type\":\"ListItem\",\"position\":2,\"name\":\"\u00bfCu\u00e1ndo se debe acudir con un psicoterapeuta?\"}]},{\"@type\":\"WebSite\",\"@id\":\"https:\/\/educacionenlinea.uic.mx\/blog\/#website\",\"url\":\"https:\/\/educacionenlinea.uic.mx\/blog\/\",\"name\":\"Educaci\u00f3n en l\u00ednea UIC\",\"description\":\"Blog UIC Online\",\"potentialAction\":[{\"@type\":\"SearchAction\",\"target\":{\"@type\":\"EntryPoint\",\"urlTemplate\":\"https:\/\/educacionenlinea.uic.mx\/blog\/?s={search_term_string}\"},\"query-input\":{\"@type\":\"PropertyValueSpecification\",\"valueRequired\":true,\"valueName\":\"search_term_string\"}}],\"inLanguage\":\"es\"},{\"@type\":\"Person\",\"@id\":\"https:\/\/educacionenlinea.uic.mx\/blog\/#\/schema\/person\/4676eebf557016077c4ffa18154deaa7\",\"name\":\"Lucero Ju\u00e1rez\",\"image\":{\"@type\":\"ImageObject\",\"inLanguage\":\"es\",\"@id\":\"https:\/\/educacionenlinea.uic.mx\/blog\/#\/schema\/person\/image\/\",\"url\":\"https:\/\/secure.gravatar.com\/avatar\/5fcd0456fa2007de4e4ae291187360223c1751810cc7363e51863631a3271a85?s=96&d=mm&r=g\",\"contentUrl\":\"https:\/\/secure.gravatar.com\/avatar\/5fcd0456fa2007de4e4ae291187360223c1751810cc7363e51863631a3271a85?s=96&d=mm&r=g\",\"caption\":\"Lucero Ju\u00e1rez\"},\"url\":\"https:\/\/educacionenlinea.uic.mx\/blog\/author\/lucero\/\"}]}<\/script>\n<!-- \/ Yoast SEO plugin. -->","yoast_head_json":{"title":"\u00bfCu\u00e1ndo se debe acudir con un psicoterapeuta? - Educaci\u00f3n en l\u00ednea UIC","description":"Acudir con un psicoterapeuta a\u00fan puede ser un tab\u00fa para algunas personas. Un proceso de psicoan\u00e1lisis est\u00e1 relacionado con el proceso...","robots":{"index":"index","follow":"follow","max-snippet":"max-snippet:-1","max-image-preview":"max-image-preview:large","max-video-preview":"max-video-preview:-1"},"canonical":"https:\/\/educacionenlinea.uic.mx\/blog\/posgrados\/psicoterapeuta-sesion-como-es\/","og_locale":"es_MX","og_type":"article","og_title":"\u00bfCu\u00e1ndo se debe acudir con un psicoterapeuta? - Educaci\u00f3n en l\u00ednea UIC","og_description":"Acudir con un psicoterapeuta a\u00fan puede ser un tab\u00fa para algunas personas. Un proceso de psicoan\u00e1lisis est\u00e1 relacionado con el proceso...","og_url":"https:\/\/educacionenlinea.uic.mx\/blog\/posgrados\/psicoterapeuta-sesion-como-es\/","og_site_name":"Educaci\u00f3n en l\u00ednea UIC","article_published_time":"2024-01-05T19:22:00+00:00","article_modified_time":"2024-02-19T17:15:43+00:00","og_image":[{"width":2560,"height":960,"url":"https:\/\/educacionenlinea.uic.mx\/blog\/wp-content\/uploads\/2024\/01\/Porta-1-190224-scaled.jpg","type":"image\/jpeg"}],"author":"Lucero Ju\u00e1rez","twitter_card":"summary_large_image","twitter_misc":{"Escrito por":"Lucero Ju\u00e1rez","Tiempo de lectura":"4 minutos"},"schema":{"@context":"https:\/\/schema.org","@graph":[{"@type":"Article","@id":"https:\/\/educacionenlinea.uic.mx\/blog\/posgrados\/psicoterapeuta-sesion-como-es\/#article","isPartOf":{"@id":"https:\/\/educacionenlinea.uic.mx\/blog\/posgrados\/psicoterapeuta-sesion-como-es\/"},"author":{"name":"Lucero Ju\u00e1rez","@id":"https:\/\/educacionenlinea.uic.mx\/blog\/#\/schema\/person\/4676eebf557016077c4ffa18154deaa7"},"headline":"\u00bfCu\u00e1ndo se debe acudir con un psicoterapeuta?","datePublished":"2024-01-05T19:22:00+00:00","dateModified":"2024-02-19T17:15:43+00:00","mainEntityOfPage":{"@id":"https:\/\/educacionenlinea.uic.mx\/blog\/posgrados\/psicoterapeuta-sesion-como-es\/"},"wordCount":738,"commentCount":0,"image":{"@id":"https:\/\/educacionenlinea.uic.mx\/blog\/posgrados\/psicoterapeuta-sesion-como-es\/#primaryimage"},"thumbnailUrl":"https:\/\/educacionenlinea.uic.mx\/blog\/wp-content\/uploads\/2024\/01\/Porta-1-190224-scaled.jpg","keywords":["proceso de terapia","Psicoterapeuta","psicoterapia en l\u00ednea","psicoterapia psicoanal\u00edtica","v\u00ednculo"],"articleSection":["General","Posgrados"],"inLanguage":"es","potentialAction":[{"@type":"CommentAction","name":"Comment","target":["https:\/\/educacionenlinea.uic.mx\/blog\/posgrados\/psicoterapeuta-sesion-como-es\/#respond"]}]},{"@type":"WebPage","@id":"https:\/\/educacionenlinea.uic.mx\/blog\/posgrados\/psicoterapeuta-sesion-como-es\/","url":"https:\/\/educacionenlinea.uic.mx\/blog\/posgrados\/psicoterapeuta-sesion-como-es\/","name":"\u00bfCu\u00e1ndo se debe acudir con un psicoterapeuta? - Educaci\u00f3n en l\u00ednea UIC","isPartOf":{"@id":"https:\/\/educacionenlinea.uic.mx\/blog\/#website"},"primaryImageOfPage":{"@id":"https:\/\/educacionenlinea.uic.mx\/blog\/posgrados\/psicoterapeuta-sesion-como-es\/#primaryimage"},"image":{"@id":"https:\/\/educacionenlinea.uic.mx\/blog\/posgrados\/psicoterapeuta-sesion-como-es\/#primaryimage"},"thumbnailUrl":"https:\/\/educacionenlinea.uic.mx\/blog\/wp-content\/uploads\/2024\/01\/Porta-1-190224-scaled.jpg","datePublished":"2024-01-05T19:22:00+00:00","dateModified":"2024-02-19T17:15:43+00:00","author":{"@id":"https:\/\/educacionenlinea.uic.mx\/blog\/#\/schema\/person\/4676eebf557016077c4ffa18154deaa7"},"description":"Acudir con un psicoterapeuta a\u00fan puede ser un tab\u00fa para algunas personas. Un proceso de psicoan\u00e1lisis est\u00e1 relacionado con el proceso...","breadcrumb":{"@id":"https:\/\/educacionenlinea.uic.mx\/blog\/posgrados\/psicoterapeuta-sesion-como-es\/#breadcrumb"},"inLanguage":"es","potentialAction":[{"@type":"ReadAction","target":["https:\/\/educacionenlinea.uic.mx\/blog\/posgrados\/psicoterapeuta-sesion-como-es\/"]}]},{"@type":"ImageObject","inLanguage":"es","@id":"https:\/\/educacionenlinea.uic.mx\/blog\/posgrados\/psicoterapeuta-sesion-como-es\/#primaryimage","url":"https:\/\/educacionenlinea.uic.mx\/blog\/wp-content\/uploads\/2024\/01\/Porta-1-190224-scaled.jpg","contentUrl":"https:\/\/educacionenlinea.uic.mx\/blog\/wp-content\/uploads\/2024\/01\/Porta-1-190224-scaled.jpg","width":2560,"height":960,"caption":"Cu\u00e1ndo acudir con un terapeuta o psicoterapeuta"},{"@type":"BreadcrumbList","@id":"https:\/\/educacionenlinea.uic.mx\/blog\/posgrados\/psicoterapeuta-sesion-como-es\/#breadcrumb","itemListElement":[{"@type":"ListItem","position":1,"name":"Inicio","item":"https:\/\/educacionenlinea.uic.mx\/blog\/"},{"@type":"ListItem","position":2,"name":"\u00bfCu\u00e1ndo se debe acudir con un psicoterapeuta?"}]},{"@type":"WebSite","@id":"https:\/\/educacionenlinea.uic.mx\/blog\/#website","url":"https:\/\/educacionenlinea.uic.mx\/blog\/","name":"Educaci\u00f3n en l\u00ednea UIC","description":"Blog UIC Online","potentialAction":[{"@type":"SearchAction","target":{"@type":"EntryPoint","urlTemplate":"https:\/\/educacionenlinea.uic.mx\/blog\/?s={search_term_string}"},"query-input":{"@type":"PropertyValueSpecification","valueRequired":true,"valueName":"search_term_string"}}],"inLanguage":"es"},{"@type":"Person","@id":"https:\/\/educacionenlinea.uic.mx\/blog\/#\/schema\/person\/4676eebf557016077c4ffa18154deaa7","name":"Lucero Ju\u00e1rez","image":{"@type":"ImageObject","inLanguage":"es","@id":"https:\/\/educacionenlinea.uic.mx\/blog\/#\/schema\/person\/image\/","url":"https:\/\/secure.gravatar.com\/avatar\/5fcd0456fa2007de4e4ae291187360223c1751810cc7363e51863631a3271a85?s=96&d=mm&r=g","contentUrl":"https:\/\/secure.gravatar.com\/avatar\/5fcd0456fa2007de4e4ae291187360223c1751810cc7363e51863631a3271a85?s=96&d=mm&r=g","caption":"Lucero Ju\u00e1rez"},"url":"https:\/\/educacionenlinea.uic.mx\/blog\/author\/lucero\/"}]}},"_links":{"self":[{"href":"https:\/\/educacionenlinea.uic.mx\/blog\/wp-json\/wp\/v2\/posts\/84675","targetHints":{"allow":["GET"]}}],"collection":[{"href":"https:\/\/educacionenlinea.uic.mx\/blog\/wp-json\/wp\/v2\/posts"}],"about":[{"href":"https:\/\/educacionenlinea.uic.mx\/blog\/wp-json\/wp\/v2\/types\/post"}],"author":[{"embeddable":true,"href":"https:\/\/educacionenlinea.uic.mx\/blog\/wp-json\/wp\/v2\/users\/3"}],"replies":[{"embeddable":true,"href":"https:\/\/educacionenlinea.uic.mx\/blog\/wp-json\/wp\/v2\/comments?post=84675"}],"version-history":[{"count":14,"href":"https:\/\/educacionenlinea.uic.mx\/blog\/wp-json\/wp\/v2\/posts\/84675\/revisions"}],"predecessor-version":[{"id":84897,"href":"https:\/\/educacionenlinea.uic.mx\/blog\/wp-json\/wp\/v2\/posts\/84675\/revisions\/84897"}],"wp:featuredmedia":[{"embeddable":true,"href":"https:\/\/educacionenlinea.uic.mx\/blog\/wp-json\/wp\/v2\/media\/84913"}],"wp:attachment":[{"href":"https:\/\/educacionenlinea.uic.mx\/blog\/wp-json\/wp\/v2\/media?parent=84675"}],"wp:term":[{"taxonomy":"category","embeddable":true,"href":"https:\/\/educacionenlinea.uic.mx\/blog\/wp-json\/wp\/v2\/categories?post=84675"},{"taxonomy":"post_tag","embeddable":true,"href":"https:\/\/educacionenlinea.uic.mx\/blog\/wp-json\/wp\/v2\/tags?post=84675"}],"curies":[{"name":"wp","href":"https:\/\/api.w.org\/{rel}","templated":true}]}}