{"id":84234,"date":"2023-06-06T20:00:00","date_gmt":"2023-06-07T02:00:00","guid":{"rendered":"https:\/\/educacionenlinea.uic.mx\/blog\/?p=84234"},"modified":"2023-06-06T17:42:48","modified_gmt":"2023-06-06T23:42:48","slug":"arquitectura-y-medio-ambiente-un-futuro-sostenible","status":"publish","type":"post","link":"https:\/\/educacionenlinea.uic.mx\/blog\/general\/arquitectura-y-medio-ambiente-un-futuro-sostenible\/","title":{"rendered":"La contribuci\u00f3n de la arquitectura al medio ambiente: Una mirada hacia el futuro sostenible"},"content":{"rendered":"\n<p>El <strong>D\u00eda Mundial del Medio Ambiente<\/strong> nos permite reflexionar sobre c\u00f3mo podemos proteger y preservar nuestro entorno desde la arquitectura.<\/p>\n\n\n\n<p>En ese sentido, la <strong>arquitectura<\/strong> juega un papel fundamental, ya que puede tener un impacto significativo tanto en el mundo, como en la <strong>calidad de vida<\/strong> de las personas. \u00bfPero c\u00f3mo la arquitectura puede ayudar al medio ambiente?<\/p>\n\n\n\n<h2 class=\"wp-block-heading\"><strong>Opciones en la arquitectura<\/strong><\/h2>\n\n\n\n<ul class=\"wp-block-list\">\n<li><strong>Dise\u00f1o sostenible<\/strong> y <strong>eficiencia energ\u00e9tica.<\/strong> La arquitectura sostenible se ha convertido en una prioridad en la <strong>industria la construcci\u00f3n.<\/strong><\/li>\n<\/ul>\n\n\n\n<p>Los <strong>edificios verdes<\/strong> est\u00e1n dise\u00f1ados para reducir el <strong>consumo de energ\u00eda<\/strong> y minimizar el <strong>impacto ambiental.<\/strong> Seg\u00fan el <strong>World Green Building Council,<\/strong> los edificios sostenibles pueden reducir hasta un 30 por ciento las <strong>emisiones de gases de efecto invernadero<\/strong> en comparaci\u00f3n con los edificios convencionales.<\/p>\n\n\n\n<p>Adem\u00e1s, el uso de tecnolog\u00edas como <strong>paneles solares,<\/strong> sistemas de recolecci\u00f3n de agua de lluvia y sistemas de ventilaci\u00f3n natural puede ayudar a optimizar el uso de los recursos naturales.<\/p>\n\n\n\n<ul class=\"wp-block-list\">\n<li><strong>Materiales sustentables.<\/strong> La elecci\u00f3n de materiales de construcci\u00f3n desempe\u00f1a un papel esencial en la arquitectura sostenible.<\/li>\n<\/ul>\n\n\n\n<p>Los materiales sustentables, como el <strong>bamb\u00fa,<\/strong> la madera certificada y los <strong>ladrillos ecol\u00f3gicos,<\/strong> tienen un menor impacto ambiental en comparaci\u00f3n con los materiales convencionales, como el acero y el <strong>hormig\u00f3n.<\/strong><\/p>\n\n\n\n<p>Por ejemplo, la producci\u00f3n de cemento, que es un componente clave del hormig\u00f3n, genera grandes cantidades de <strong>di\u00f3xido de carbono.<\/strong><\/p>\n\n\n\n<p>Seg\u00fan datos de la <strong>Agencia de Protecci\u00f3n Ambiental<\/strong> de Estados Unidos, la industria del cemento es responsable del cinco por ciento de las emisiones globales de di\u00f3xido de carbono.<\/p>\n\n\n\n<p>Esto deja ver la importancia en la elecci\u00f3n de materiales, pues es una manera de reducir la <strong>huella ambiental.<\/strong><\/p>\n\n\n\n<h3 class=\"wp-block-heading\">Renovarse o morir<\/h3>\n\n\n\n<p>Otras acciones que abonan a una arquitectura m\u00e1s responsable son:<\/p>\n\n\n\n<ul class=\"wp-block-list\">\n<li><strong>Dise\u00f1o bioclim\u00e1tico<\/strong> y <strong>espacios verdes.<\/strong> El dise\u00f1o bioclim\u00e1tico es clave para dise\u00f1ar construcciones que se adapten al entorno y maximicen el uso de los recursos naturales.<\/li>\n<\/ul>\n\n\n\n<p>El uso inteligente de la luz solar, la orientaci\u00f3n adecuada de los edificios y la incorporaci\u00f3n de espacios verdes pueden mejorar la <strong>eficiencia energ\u00e9tica<\/strong> de una estructura.<\/p>\n\n\n\n<p>Por su parte, los espacios verdes pueden reducir la contaminaci\u00f3n del aire, mitigar el calor y mejorar la calidad de vida.<\/p>\n\n\n\n<ul class=\"wp-block-list\">\n<li>Rehabilitaci\u00f3n y <strong>renovaci\u00f3n urbana. <\/strong>La rehabilitaci\u00f3n y renovaci\u00f3n urbana son pr\u00e1cticas esenciales para la arquitectura sostenible.<\/li>\n<\/ul>\n\n\n\n<p>Renovar y mejorar edificios ayuda a reducir el desperdicio de materiales y energ\u00eda. Seg\u00fan un informe del Urban Land Institute, la rehabilitaci\u00f3n de edificios puede ahorrar hasta un 50 por ciento de energ\u00eda en comparaci\u00f3n con la construcci\u00f3n de nuevos edificios.<\/p>\n\n\n\n<ul class=\"wp-block-list\">\n<li>Impacto de la arquitectura en la salud. La arquitectura tiene un impacto en la <strong>salud<\/strong> y el <strong>bienestar<\/strong> de las personas.<\/li>\n<\/ul>\n\n\n\n<p>Los edificios dise\u00f1ados con atenci\u00f3n a la <strong>iluminaci\u00f3n natural,<\/strong> la calidad del <strong>aire interior<\/strong> y la <strong>comodidad t\u00e9rmica<\/strong> pueden mejorar la <strong>productividad,<\/strong> reducir los problemas de salud relacionados con el entorno y promover una mayor conexi\u00f3n con la naturaleza.<\/p>\n\n\n\n<p>Estudios han demostrado que la exposici\u00f3n a espacios verdes puede reducir el <strong>estr\u00e9s<\/strong> y mejorar la <strong>salud mental.<\/strong><\/p>\n\n\n\n<figure class=\"wp-block-image size-large\"><img loading=\"lazy\" decoding=\"async\" width=\"1024\" height=\"485\" src=\"https:\/\/educacionenlinea.uic.mx\/blog\/wp-content\/uploads\/2023\/06\/Img-1_060623-1024x485.jpg\" alt=\"\" class=\"wp-image-84236\" srcset=\"https:\/\/educacionenlinea.uic.mx\/blog\/wp-content\/uploads\/2023\/06\/Img-1_060623-1024x485.jpg 1024w, https:\/\/educacionenlinea.uic.mx\/blog\/wp-content\/uploads\/2023\/06\/Img-1_060623-300x142.jpg 300w, https:\/\/educacionenlinea.uic.mx\/blog\/wp-content\/uploads\/2023\/06\/Img-1_060623-768x364.jpg 768w, https:\/\/educacionenlinea.uic.mx\/blog\/wp-content\/uploads\/2023\/06\/Img-1_060623-1536x728.jpg 1536w, https:\/\/educacionenlinea.uic.mx\/blog\/wp-content\/uploads\/2023\/06\/Img-1_060623-2048x970.jpg 2048w\" sizes=\"auto, (max-width: 1024px) 100vw, 1024px\" \/><\/figure>\n\n\n\n<p><\/p>\n\n\n\n<p><strong>El papel del arquitecto<\/strong><\/p>\n\n\n\n<p>La arquitectura desempe\u00f1a un papel fundamental en la protecci\u00f3n del medio ambiente y la construcci\u00f3n de un futuro sostenible.<\/p>\n\n\n\n<p>Por medio del <strong>dise\u00f1o sostenible,<\/strong> el uso de materiales ecoamigables, la integraci\u00f3n de espacios verdes y la rehabilitaci\u00f3n de estructuras existentes, es posible reducir el impacto ambiental.<\/p>\n\n\n\n<p>As\u00ed que, como futuro profesional de la arquitectura, es importante que te comprometas con pr\u00e1cticas responsables que promuevan la sostenibilidad y el respeto por el medio ambiente.<\/p>\n\n\n\n<p>Sigamos celebrando el D\u00eda Mundial del Medio Ambiente tomando acciones que garanticen un futuro habitable para todos.<\/p>\n\n\n\n<p>Si te interesa el tema, en la UIC tenemos el <a href=\"https:\/\/educacionenlinea.uic.mx\/diplomados-en-linea\/programas\/diseno-de-interiores.html\">Diplomado en l\u00ednea Entornos Interiores: Dise\u00f1o, Sostenibilidad y Bienestar<\/a>.<\/p>\n\n\n\n<p><strong>Para saber m\u00e1s<\/strong><\/p>\n\n\n\n<p>Diplomado en l\u00ednea Entornos Interiores: Dise\u00f1o, Sostenibilidad y Bienestar. Disponible en <a href=\"https:\/\/educacionenlinea.uic.mx\/diplomados-en-linea\/programas\/diseno-de-interiores.html\">https:\/\/educacionenlinea.uic.mx\/diplomados-en-linea\/programas\/diseno-de-interiores.html<\/a><\/p>\n\n\n\n<p><a href=\"http:\/\/catarina.udlap.mx\/u_dl_a\/tales\/documentos\/lar\/martagon_rosado_m\/capitulo-4.pdf\">http:\/\/catarina.udlap.mx\/u_dl_a\/tales\/documentos\/lar\/martagon_rosado_m\/capitulo-4.pdf<\/a><\/p>\n\n\n\n<p><\/p>\n","protected":false},"excerpt":{"rendered":"<p>El D\u00eda Mundial del Medio Ambiente nos permite reflexionar sobre c\u00f3mo podemos proteger y preservar nuestro entorno desde la arquitectura. [&hellip;]<\/p>\n","protected":false},"author":7,"featured_media":84235,"comment_status":"open","ping_status":"open","sticky":false,"template":"","format":"standard","meta":{"footnotes":""},"categories":[1],"tags":[395,394,396],"class_list":["post-84234","post","type-post","status-publish","format-standard","has-post-thumbnail","hentry","category-general","tag-diseno","tag-licenciatura-en-arquitectura","tag-sostenibilidad-y-bienestar"],"yoast_head":"<!-- This site is optimized with the Yoast SEO plugin v27.0 - https:\/\/yoast.com\/product\/yoast-seo-wordpress\/ -->\n<title>La contribuci\u00f3n de la arquitectura al medio ambiente: Una mirada hacia el futuro sostenible - Educaci\u00f3n en l\u00ednea UIC<\/title>\n<meta name=\"description\" content=\"La arquitectura puede tener un impacto significativo tanto en el mundo, como en la calidad de vida de las personas.\" \/>\n<meta name=\"robots\" content=\"index, follow, max-snippet:-1, max-image-preview:large, max-video-preview:-1\" \/>\n<link rel=\"canonical\" href=\"https:\/\/educacionenlinea.uic.mx\/blog\/general\/arquitectura-y-medio-ambiente-un-futuro-sostenible\/\" \/>\n<meta property=\"og:locale\" content=\"es_MX\" \/>\n<meta property=\"og:type\" content=\"article\" \/>\n<meta property=\"og:title\" content=\"La contribuci\u00f3n de la arquitectura al medio ambiente: Una mirada hacia el futuro sostenible - Educaci\u00f3n en l\u00ednea UIC\" \/>\n<meta property=\"og:description\" content=\"La arquitectura puede tener un impacto significativo tanto en el mundo, como en la calidad de vida de las personas.\" \/>\n<meta property=\"og:url\" content=\"https:\/\/educacionenlinea.uic.mx\/blog\/general\/arquitectura-y-medio-ambiente-un-futuro-sostenible\/\" \/>\n<meta property=\"og:site_name\" content=\"Educaci\u00f3n en l\u00ednea UIC\" \/>\n<meta property=\"article:published_time\" content=\"2023-06-07T02:00:00+00:00\" \/>\n<meta property=\"og:image\" content=\"https:\/\/educacionenlinea.uic.mx\/blog\/wp-content\/uploads\/2023\/06\/Portada-blog-060623-scaled.jpg\" \/>\n\t<meta property=\"og:image:width\" content=\"2560\" \/>\n\t<meta property=\"og:image:height\" content=\"960\" \/>\n\t<meta property=\"og:image:type\" content=\"image\/jpeg\" \/>\n<meta name=\"author\" content=\"Karemm Danel\" \/>\n<meta name=\"twitter:card\" content=\"summary_large_image\" \/>\n<meta name=\"twitter:label1\" content=\"Escrito por\" \/>\n\t<meta name=\"twitter:data1\" content=\"Karemm Danel\" \/>\n\t<meta name=\"twitter:label2\" content=\"Tiempo de lectura\" \/>\n\t<meta name=\"twitter:data2\" content=\"4 minutos\" \/>\n<script type=\"application\/ld+json\" class=\"yoast-schema-graph\">{\"@context\":\"https:\/\/schema.org\",\"@graph\":[{\"@type\":\"Article\",\"@id\":\"https:\/\/educacionenlinea.uic.mx\/blog\/general\/arquitectura-y-medio-ambiente-un-futuro-sostenible\/#article\",\"isPartOf\":{\"@id\":\"https:\/\/educacionenlinea.uic.mx\/blog\/general\/arquitectura-y-medio-ambiente-un-futuro-sostenible\/\"},\"author\":{\"name\":\"Karemm Danel\",\"@id\":\"https:\/\/educacionenlinea.uic.mx\/blog\/#\/schema\/person\/d5e66686fca759d824532965b47c3427\"},\"headline\":\"La contribuci\u00f3n de la arquitectura al medio ambiente: Una mirada hacia el futuro sostenible\",\"datePublished\":\"2023-06-07T02:00:00+00:00\",\"mainEntityOfPage\":{\"@id\":\"https:\/\/educacionenlinea.uic.mx\/blog\/general\/arquitectura-y-medio-ambiente-un-futuro-sostenible\/\"},\"wordCount\":724,\"commentCount\":0,\"image\":{\"@id\":\"https:\/\/educacionenlinea.uic.mx\/blog\/general\/arquitectura-y-medio-ambiente-un-futuro-sostenible\/#primaryimage\"},\"thumbnailUrl\":\"https:\/\/educacionenlinea.uic.mx\/blog\/wp-content\/uploads\/2023\/06\/Portada-blog-060623-scaled.jpg\",\"keywords\":[\"Dise\u00f1o\",\"Licenciatura en Arquitectura\",\"Sostenibilidad y Bienestar\"],\"articleSection\":[\"General\"],\"inLanguage\":\"es\",\"potentialAction\":[{\"@type\":\"CommentAction\",\"name\":\"Comment\",\"target\":[\"https:\/\/educacionenlinea.uic.mx\/blog\/general\/arquitectura-y-medio-ambiente-un-futuro-sostenible\/#respond\"]}]},{\"@type\":\"WebPage\",\"@id\":\"https:\/\/educacionenlinea.uic.mx\/blog\/general\/arquitectura-y-medio-ambiente-un-futuro-sostenible\/\",\"url\":\"https:\/\/educacionenlinea.uic.mx\/blog\/general\/arquitectura-y-medio-ambiente-un-futuro-sostenible\/\",\"name\":\"La contribuci\u00f3n de la arquitectura al medio ambiente: Una mirada hacia el futuro sostenible - Educaci\u00f3n en l\u00ednea UIC\",\"isPartOf\":{\"@id\":\"https:\/\/educacionenlinea.uic.mx\/blog\/#website\"},\"primaryImageOfPage\":{\"@id\":\"https:\/\/educacionenlinea.uic.mx\/blog\/general\/arquitectura-y-medio-ambiente-un-futuro-sostenible\/#primaryimage\"},\"image\":{\"@id\":\"https:\/\/educacionenlinea.uic.mx\/blog\/general\/arquitectura-y-medio-ambiente-un-futuro-sostenible\/#primaryimage\"},\"thumbnailUrl\":\"https:\/\/educacionenlinea.uic.mx\/blog\/wp-content\/uploads\/2023\/06\/Portada-blog-060623-scaled.jpg\",\"datePublished\":\"2023-06-07T02:00:00+00:00\",\"author\":{\"@id\":\"https:\/\/educacionenlinea.uic.mx\/blog\/#\/schema\/person\/d5e66686fca759d824532965b47c3427\"},\"description\":\"La arquitectura puede tener un impacto significativo tanto en el mundo, como en la calidad de vida de las personas.\",\"breadcrumb\":{\"@id\":\"https:\/\/educacionenlinea.uic.mx\/blog\/general\/arquitectura-y-medio-ambiente-un-futuro-sostenible\/#breadcrumb\"},\"inLanguage\":\"es\",\"potentialAction\":[{\"@type\":\"ReadAction\",\"target\":[\"https:\/\/educacionenlinea.uic.mx\/blog\/general\/arquitectura-y-medio-ambiente-un-futuro-sostenible\/\"]}]},{\"@type\":\"ImageObject\",\"inLanguage\":\"es\",\"@id\":\"https:\/\/educacionenlinea.uic.mx\/blog\/general\/arquitectura-y-medio-ambiente-un-futuro-sostenible\/#primaryimage\",\"url\":\"https:\/\/educacionenlinea.uic.mx\/blog\/wp-content\/uploads\/2023\/06\/Portada-blog-060623-scaled.jpg\",\"contentUrl\":\"https:\/\/educacionenlinea.uic.mx\/blog\/wp-content\/uploads\/2023\/06\/Portada-blog-060623-scaled.jpg\",\"width\":2560,\"height\":960},{\"@type\":\"BreadcrumbList\",\"@id\":\"https:\/\/educacionenlinea.uic.mx\/blog\/general\/arquitectura-y-medio-ambiente-un-futuro-sostenible\/#breadcrumb\",\"itemListElement\":[{\"@type\":\"ListItem\",\"position\":1,\"name\":\"Inicio\",\"item\":\"https:\/\/educacionenlinea.uic.mx\/blog\/\"},{\"@type\":\"ListItem\",\"position\":2,\"name\":\"La contribuci\u00f3n de la arquitectura al medio ambiente: Una mirada hacia el futuro sostenible\"}]},{\"@type\":\"WebSite\",\"@id\":\"https:\/\/educacionenlinea.uic.mx\/blog\/#website\",\"url\":\"https:\/\/educacionenlinea.uic.mx\/blog\/\",\"name\":\"Educaci\u00f3n en l\u00ednea UIC\",\"description\":\"Blog UIC Online\",\"potentialAction\":[{\"@type\":\"SearchAction\",\"target\":{\"@type\":\"EntryPoint\",\"urlTemplate\":\"https:\/\/educacionenlinea.uic.mx\/blog\/?s={search_term_string}\"},\"query-input\":{\"@type\":\"PropertyValueSpecification\",\"valueRequired\":true,\"valueName\":\"search_term_string\"}}],\"inLanguage\":\"es\"},{\"@type\":\"Person\",\"@id\":\"https:\/\/educacionenlinea.uic.mx\/blog\/#\/schema\/person\/d5e66686fca759d824532965b47c3427\",\"name\":\"Karemm Danel\",\"image\":{\"@type\":\"ImageObject\",\"inLanguage\":\"es\",\"@id\":\"https:\/\/educacionenlinea.uic.mx\/blog\/#\/schema\/person\/image\/\",\"url\":\"https:\/\/secure.gravatar.com\/avatar\/f9b398593cec9e1fd5ee7c9feae659d9fa28229a546c244c05b16d6298f63fbc?s=96&d=mm&r=g\",\"contentUrl\":\"https:\/\/secure.gravatar.com\/avatar\/f9b398593cec9e1fd5ee7c9feae659d9fa28229a546c244c05b16d6298f63fbc?s=96&d=mm&r=g\",\"caption\":\"Karemm Danel\"},\"url\":\"https:\/\/educacionenlinea.uic.mx\/blog\/author\/karemm-danel\/\"}]}<\/script>\n<!-- \/ Yoast SEO plugin. -->","yoast_head_json":{"title":"La contribuci\u00f3n de la arquitectura al medio ambiente: Una mirada hacia el futuro sostenible - Educaci\u00f3n en l\u00ednea UIC","description":"La arquitectura puede tener un impacto significativo tanto en el mundo, como en la calidad de vida de las personas.","robots":{"index":"index","follow":"follow","max-snippet":"max-snippet:-1","max-image-preview":"max-image-preview:large","max-video-preview":"max-video-preview:-1"},"canonical":"https:\/\/educacionenlinea.uic.mx\/blog\/general\/arquitectura-y-medio-ambiente-un-futuro-sostenible\/","og_locale":"es_MX","og_type":"article","og_title":"La contribuci\u00f3n de la arquitectura al medio ambiente: Una mirada hacia el futuro sostenible - Educaci\u00f3n en l\u00ednea UIC","og_description":"La arquitectura puede tener un impacto significativo tanto en el mundo, como en la calidad de vida de las personas.","og_url":"https:\/\/educacionenlinea.uic.mx\/blog\/general\/arquitectura-y-medio-ambiente-un-futuro-sostenible\/","og_site_name":"Educaci\u00f3n en l\u00ednea UIC","article_published_time":"2023-06-07T02:00:00+00:00","og_image":[{"width":2560,"height":960,"url":"https:\/\/educacionenlinea.uic.mx\/blog\/wp-content\/uploads\/2023\/06\/Portada-blog-060623-scaled.jpg","type":"image\/jpeg"}],"author":"Karemm Danel","twitter_card":"summary_large_image","twitter_misc":{"Escrito por":"Karemm Danel","Tiempo de lectura":"4 minutos"},"schema":{"@context":"https:\/\/schema.org","@graph":[{"@type":"Article","@id":"https:\/\/educacionenlinea.uic.mx\/blog\/general\/arquitectura-y-medio-ambiente-un-futuro-sostenible\/#article","isPartOf":{"@id":"https:\/\/educacionenlinea.uic.mx\/blog\/general\/arquitectura-y-medio-ambiente-un-futuro-sostenible\/"},"author":{"name":"Karemm Danel","@id":"https:\/\/educacionenlinea.uic.mx\/blog\/#\/schema\/person\/d5e66686fca759d824532965b47c3427"},"headline":"La contribuci\u00f3n de la arquitectura al medio ambiente: Una mirada hacia el futuro sostenible","datePublished":"2023-06-07T02:00:00+00:00","mainEntityOfPage":{"@id":"https:\/\/educacionenlinea.uic.mx\/blog\/general\/arquitectura-y-medio-ambiente-un-futuro-sostenible\/"},"wordCount":724,"commentCount":0,"image":{"@id":"https:\/\/educacionenlinea.uic.mx\/blog\/general\/arquitectura-y-medio-ambiente-un-futuro-sostenible\/#primaryimage"},"thumbnailUrl":"https:\/\/educacionenlinea.uic.mx\/blog\/wp-content\/uploads\/2023\/06\/Portada-blog-060623-scaled.jpg","keywords":["Dise\u00f1o","Licenciatura en Arquitectura","Sostenibilidad y Bienestar"],"articleSection":["General"],"inLanguage":"es","potentialAction":[{"@type":"CommentAction","name":"Comment","target":["https:\/\/educacionenlinea.uic.mx\/blog\/general\/arquitectura-y-medio-ambiente-un-futuro-sostenible\/#respond"]}]},{"@type":"WebPage","@id":"https:\/\/educacionenlinea.uic.mx\/blog\/general\/arquitectura-y-medio-ambiente-un-futuro-sostenible\/","url":"https:\/\/educacionenlinea.uic.mx\/blog\/general\/arquitectura-y-medio-ambiente-un-futuro-sostenible\/","name":"La contribuci\u00f3n de la arquitectura al medio ambiente: Una mirada hacia el futuro sostenible - Educaci\u00f3n en l\u00ednea UIC","isPartOf":{"@id":"https:\/\/educacionenlinea.uic.mx\/blog\/#website"},"primaryImageOfPage":{"@id":"https:\/\/educacionenlinea.uic.mx\/blog\/general\/arquitectura-y-medio-ambiente-un-futuro-sostenible\/#primaryimage"},"image":{"@id":"https:\/\/educacionenlinea.uic.mx\/blog\/general\/arquitectura-y-medio-ambiente-un-futuro-sostenible\/#primaryimage"},"thumbnailUrl":"https:\/\/educacionenlinea.uic.mx\/blog\/wp-content\/uploads\/2023\/06\/Portada-blog-060623-scaled.jpg","datePublished":"2023-06-07T02:00:00+00:00","author":{"@id":"https:\/\/educacionenlinea.uic.mx\/blog\/#\/schema\/person\/d5e66686fca759d824532965b47c3427"},"description":"La arquitectura puede tener un impacto significativo tanto en el mundo, como en la calidad de vida de las personas.","breadcrumb":{"@id":"https:\/\/educacionenlinea.uic.mx\/blog\/general\/arquitectura-y-medio-ambiente-un-futuro-sostenible\/#breadcrumb"},"inLanguage":"es","potentialAction":[{"@type":"ReadAction","target":["https:\/\/educacionenlinea.uic.mx\/blog\/general\/arquitectura-y-medio-ambiente-un-futuro-sostenible\/"]}]},{"@type":"ImageObject","inLanguage":"es","@id":"https:\/\/educacionenlinea.uic.mx\/blog\/general\/arquitectura-y-medio-ambiente-un-futuro-sostenible\/#primaryimage","url":"https:\/\/educacionenlinea.uic.mx\/blog\/wp-content\/uploads\/2023\/06\/Portada-blog-060623-scaled.jpg","contentUrl":"https:\/\/educacionenlinea.uic.mx\/blog\/wp-content\/uploads\/2023\/06\/Portada-blog-060623-scaled.jpg","width":2560,"height":960},{"@type":"BreadcrumbList","@id":"https:\/\/educacionenlinea.uic.mx\/blog\/general\/arquitectura-y-medio-ambiente-un-futuro-sostenible\/#breadcrumb","itemListElement":[{"@type":"ListItem","position":1,"name":"Inicio","item":"https:\/\/educacionenlinea.uic.mx\/blog\/"},{"@type":"ListItem","position":2,"name":"La contribuci\u00f3n de la arquitectura al medio ambiente: Una mirada hacia el futuro sostenible"}]},{"@type":"WebSite","@id":"https:\/\/educacionenlinea.uic.mx\/blog\/#website","url":"https:\/\/educacionenlinea.uic.mx\/blog\/","name":"Educaci\u00f3n en l\u00ednea UIC","description":"Blog UIC Online","potentialAction":[{"@type":"SearchAction","target":{"@type":"EntryPoint","urlTemplate":"https:\/\/educacionenlinea.uic.mx\/blog\/?s={search_term_string}"},"query-input":{"@type":"PropertyValueSpecification","valueRequired":true,"valueName":"search_term_string"}}],"inLanguage":"es"},{"@type":"Person","@id":"https:\/\/educacionenlinea.uic.mx\/blog\/#\/schema\/person\/d5e66686fca759d824532965b47c3427","name":"Karemm Danel","image":{"@type":"ImageObject","inLanguage":"es","@id":"https:\/\/educacionenlinea.uic.mx\/blog\/#\/schema\/person\/image\/","url":"https:\/\/secure.gravatar.com\/avatar\/f9b398593cec9e1fd5ee7c9feae659d9fa28229a546c244c05b16d6298f63fbc?s=96&d=mm&r=g","contentUrl":"https:\/\/secure.gravatar.com\/avatar\/f9b398593cec9e1fd5ee7c9feae659d9fa28229a546c244c05b16d6298f63fbc?s=96&d=mm&r=g","caption":"Karemm Danel"},"url":"https:\/\/educacionenlinea.uic.mx\/blog\/author\/karemm-danel\/"}]}},"_links":{"self":[{"href":"https:\/\/educacionenlinea.uic.mx\/blog\/wp-json\/wp\/v2\/posts\/84234","targetHints":{"allow":["GET"]}}],"collection":[{"href":"https:\/\/educacionenlinea.uic.mx\/blog\/wp-json\/wp\/v2\/posts"}],"about":[{"href":"https:\/\/educacionenlinea.uic.mx\/blog\/wp-json\/wp\/v2\/types\/post"}],"author":[{"embeddable":true,"href":"https:\/\/educacionenlinea.uic.mx\/blog\/wp-json\/wp\/v2\/users\/7"}],"replies":[{"embeddable":true,"href":"https:\/\/educacionenlinea.uic.mx\/blog\/wp-json\/wp\/v2\/comments?post=84234"}],"version-history":[{"count":1,"href":"https:\/\/educacionenlinea.uic.mx\/blog\/wp-json\/wp\/v2\/posts\/84234\/revisions"}],"predecessor-version":[{"id":84237,"href":"https:\/\/educacionenlinea.uic.mx\/blog\/wp-json\/wp\/v2\/posts\/84234\/revisions\/84237"}],"wp:featuredmedia":[{"embeddable":true,"href":"https:\/\/educacionenlinea.uic.mx\/blog\/wp-json\/wp\/v2\/media\/84235"}],"wp:attachment":[{"href":"https:\/\/educacionenlinea.uic.mx\/blog\/wp-json\/wp\/v2\/media?parent=84234"}],"wp:term":[{"taxonomy":"category","embeddable":true,"href":"https:\/\/educacionenlinea.uic.mx\/blog\/wp-json\/wp\/v2\/categories?post=84234"},{"taxonomy":"post_tag","embeddable":true,"href":"https:\/\/educacionenlinea.uic.mx\/blog\/wp-json\/wp\/v2\/tags?post=84234"}],"curies":[{"name":"wp","href":"https:\/\/api.w.org\/{rel}","templated":true}]}}