{"id":84191,"date":"2023-05-24T22:13:00","date_gmt":"2023-05-25T04:13:00","guid":{"rendered":"https:\/\/educacionenlinea.uic.mx\/blog\/?p=84191"},"modified":"2023-05-24T16:41:26","modified_gmt":"2023-05-24T22:41:26","slug":"distancia-psicologica-alguna-vez-la-experimentaste","status":"publish","type":"post","link":"https:\/\/educacionenlinea.uic.mx\/blog\/general\/distancia-psicologica-alguna-vez-la-experimentaste\/","title":{"rendered":"Distancia psicol\u00f3gica: \u00bfalguna vez la experimentaste?"},"content":{"rendered":"\n<p>Si eres una persona que siente <strong>ansiedad desbordada<\/strong> frente a escenarios pr\u00f3ximos, o experimentas <strong>falta de empat\u00eda<\/strong> hac\u00eda personas cercanas y conocidas, con las que te cuesta crear un v\u00ednculo afectivo, podr\u00edas estar experimentando <strong>distancia psicol\u00f3gica. &nbsp;<\/strong><\/p>\n\n\n\n<h2 class=\"wp-block-heading\"><strong>\u00bfQu\u00e9 se entiende por distancia psicol\u00f3gica?<\/strong><\/h2>\n\n\n\n<p>La <strong>distancia psicol\u00f3gica<\/strong> es un concepto subjetivo, que est\u00e1 relacionado con la <strong>proximidad o distancia<\/strong> emocional, cognitiva y afectiva entre dos personas o situaciones que se presenten.<\/p>\n\n\n\n<p>Existen dos maneras en las que se percibe este fen\u00f3meno. Por un lado, est\u00e1n las <strong>personas que la experimentan<\/strong> y que se sienten desbordadas por la misma, por lo que requieren <a href=\"https:\/\/educacionenlinea.uic.mx\/posgrados-en-linea\/programas\/maestria-en-psicoterapia-psicoanalitica.html\" target=\"_blank\" rel=\"noreferrer noopener\"><mark style=\"background-color:rgba(0, 0, 0, 0);color:#0237bd\" class=\"has-inline-color\"><strong>apoyo psicoterap\u00e9utico<\/strong>.<\/mark><\/a><\/p>\n\n\n\n<p>En el otro extremo del espectro, se encuentran los <strong>profesionales en psicoan\u00e1lisis y psicoterapia<\/strong>, que orientan a sus pacientes, para poder manejar la distancia psicol\u00f3gica, mejorando la calidad de sus relaciones personales.<\/p>\n\n\n\n<figure class=\"wp-block-image size-large\"><img loading=\"lazy\" decoding=\"async\" width=\"1024\" height=\"485\" src=\"https:\/\/educacionenlinea.uic.mx\/blog\/wp-content\/uploads\/2023\/05\/Img-1_240523-1024x485.jpg\" alt=\"El distanciamiento psicol\u00f3gico llega a presentarse con frecuencia en las relaciones personales familiares, laborales o amorosas.\" class=\"wp-image-84197\" srcset=\"https:\/\/educacionenlinea.uic.mx\/blog\/wp-content\/uploads\/2023\/05\/Img-1_240523-1024x485.jpg 1024w, https:\/\/educacionenlinea.uic.mx\/blog\/wp-content\/uploads\/2023\/05\/Img-1_240523-300x142.jpg 300w, https:\/\/educacionenlinea.uic.mx\/blog\/wp-content\/uploads\/2023\/05\/Img-1_240523-768x364.jpg 768w, https:\/\/educacionenlinea.uic.mx\/blog\/wp-content\/uploads\/2023\/05\/Img-1_240523-1536x728.jpg 1536w, https:\/\/educacionenlinea.uic.mx\/blog\/wp-content\/uploads\/2023\/05\/Img-1_240523-2048x970.jpg 2048w\" sizes=\"auto, (max-width: 1024px) 100vw, 1024px\" \/><\/figure>\n\n\n\n<h2 class=\"wp-block-heading\"><strong>\u00bfLa distancia psicol\u00f3gica siempre se correlaciona con la distancia f\u00edsica?<\/strong><\/h2>\n\n\n\n<p>S\u00ed se relaciona, pero no en todos los casos. La <strong>distancia f\u00edsica<\/strong> que tomamos de otras personas, espacios o circunstancias, no siempre es <strong>sin\u00f3nimo<\/strong> de estar experimentado distancia psicol\u00f3gica.<\/p>\n\n\n\n<p>A veces, esta acci\u00f3n f\u00edsica se debe a un mero <strong>acto reflejo<\/strong>; pero cuando la <strong>justificaci\u00f3n<\/strong> se basa en la <strong>incomodidad, estr\u00e9s, apego o <a href=\"https:\/\/educacionenlinea.uic.mx\/blog\/general\/deficit-de-atencion-tdah-e-hiperactividad-en-adultos\/\" target=\"_blank\" rel=\"noreferrer noopener\"><mark style=\"background-color:rgba(0, 0, 0, 0);color:#0237bd\" class=\"has-inline-color\">ansiedad<\/mark><\/a><\/strong>, que un escenario o persona nos genera, podr\u00eda catalogarse como un tema psicol\u00f3gico.<\/p>\n\n\n\n<h2 class=\"wp-block-heading\"><strong>\u00bfC\u00f3mo se mide distanciamiento psicol\u00f3gico entre dos personas?<\/strong><\/h2>\n\n\n\n<p>En la mayor\u00eda de las ocasiones el distanciamiento psicol\u00f3gico, llega a presentarse con frecuencia en las <strong>relaciones personales<\/strong> familiares, laborales o amorosas, siendo las \u00faltimas, una de las que m\u00e1s se habla.<\/p>\n\n\n\n<p>Medir el <strong>distanciamiento psicol\u00f3gico<\/strong> entre dos personas, es un hecho por completo <strong>subjetivo<\/strong>, porque existen dos percepciones distintas:<\/p>\n\n\n\n<blockquote class=\"wp-block-quote is-layout-flow wp-block-quote-is-layout-flow\">\n<p><em>Mientras para un individuo, la brecha parece ser muy corta, para el otro, puede ser grande y dolorosa.<\/em><\/p>\n<\/blockquote>\n\n\n\n<p>Para tener una perspectiva m\u00e1s clara sobre la magnitud del distanciamiento, los expertos en <strong>psicoan\u00e1lisis o psicoterapia<\/strong>, realizan ciertos ejercicios de evaluaci\u00f3n en una sesi\u00f3n diagn\u00f3stica, como:<\/p>\n\n\n\n<ul class=\"wp-block-list\">\n<li>Autoevaluaci\u00f3n subjetiva<\/li>\n\n\n\n<li>Comunicaci\u00f3n abierta<\/li>\n\n\n\n<li>Observaci\u00f3n de se\u00f1ales no verbales<\/li>\n\n\n\n<li>Evaluaci\u00f3n de la calidad de la relaci\u00f3n<\/li>\n\n\n\n<li>Evaluaci\u00f3n de la empat\u00eda y la comprensi\u00f3n mutua<\/li>\n<\/ul>\n\n\n\n<figure class=\"wp-block-image size-large\"><img loading=\"lazy\" decoding=\"async\" width=\"1024\" height=\"485\" src=\"https:\/\/educacionenlinea.uic.mx\/blog\/wp-content\/uploads\/2023\/05\/Img-2_240523-1024x485.jpg\" alt=\"Medir el distanciamiento psicol\u00f3gico entre dos personas, es un hecho por completo subjetivo, porque existen dos percepciones distintas.\" class=\"wp-image-84198\" srcset=\"https:\/\/educacionenlinea.uic.mx\/blog\/wp-content\/uploads\/2023\/05\/Img-2_240523-1024x485.jpg 1024w, https:\/\/educacionenlinea.uic.mx\/blog\/wp-content\/uploads\/2023\/05\/Img-2_240523-300x142.jpg 300w, https:\/\/educacionenlinea.uic.mx\/blog\/wp-content\/uploads\/2023\/05\/Img-2_240523-768x364.jpg 768w, https:\/\/educacionenlinea.uic.mx\/blog\/wp-content\/uploads\/2023\/05\/Img-2_240523-1536x728.jpg 1536w, https:\/\/educacionenlinea.uic.mx\/blog\/wp-content\/uploads\/2023\/05\/Img-2_240523-2048x970.jpg 2048w\" sizes=\"auto, (max-width: 1024px) 100vw, 1024px\" \/><\/figure>\n\n\n\n<h2 class=\"wp-block-heading\"><strong>\u00bfC\u00f3mo abordar el tema de la distancia psicol\u00f3gica?<\/strong><\/h2>\n\n\n\n<p>Este es un tema complejo y subjetivo como se ha mencionado, enlistar aqu\u00ed una serie de pasos, para tratar de \u201csolucionar\u201d este tipo de distanciamiento, no ser\u00eda lo correcto.<\/p>\n\n\n\n<p>Existen otros factores como los sociales y culturales que tambi\u00e9n influyen en los actos de separaci\u00f3n psicol\u00f3gica, as\u00ed que, las recomendaciones finales ser\u00edan las siguientes:<\/p>\n\n\n\n<p class=\"has-background has-medium-font-size\" style=\"background-color:#dcfdfd\">Acude con un especialista en psicoterapia para trabajar en ello. La <strong><a href=\"https:\/\/www.uic.mx\/servicios\/cuppie\/#:~:text=Se%20apoya%20a%20ni%C3%B1os%2C%20adolescente,a%20las%20necesidades%20de%20alumno.&amp;text=Se%20atiende%20a%20adultos%20de,ansiedad%2C%20tristeza%2C%20insomnio).\" target=\"_blank\" rel=\"noreferrer noopener\"><mark style=\"background-color:rgba(0, 0, 0, 0);color:#0237bd\" class=\"has-inline-color\">Cl\u00ednica Universitaria de Psicoterapia Psicoanal\u00edtica e Intervenci\u00f3n Educativa<\/mark><\/a><\/strong> de la UIC, puede ayudarte con este tema.<\/p>\n\n\n\n<p class=\"has-background has-medium-font-size\" style=\"background-color:#ddfee3\">Para ayudar a las personas y contribuir en la mejora de su salud mental, la <strong><a href=\"https:\/\/bit.ly\/3Ssz7Vh\" target=\"_blank\" rel=\"noreferrer noopener\"><mark style=\"background-color:rgba(0, 0, 0, 0);color:#0237bd\" class=\"has-inline-color\">Maestr\u00eda en Psicoterapia Psicoanal\u00edtica<\/mark><\/a> <\/strong>o el<strong> <a href=\"https:\/\/bit.ly\/3okulyJ\" target=\"_blank\" rel=\"noreferrer noopener\"><mark style=\"background-color:rgba(0, 0, 0, 0);color:#0237bd\" class=\"has-inline-color\">Doctorado en Psicoan\u00e1lisis<\/mark><\/a>, <\/strong>son excelentes programas educativos de especializaci\u00f3n, si ya cuentas con la <strong>licenciatura y experiencia cl\u00ednica<\/strong> en psicolog\u00eda.<\/p>\n","protected":false},"excerpt":{"rendered":"<p>Si eres una persona que siente ansiedad desbordada frente a escenarios pr\u00f3ximos, o experimentas falta de empat\u00eda hac\u00eda personas cercanas [&hellip;]<\/p>\n","protected":false},"author":3,"featured_media":84196,"comment_status":"open","ping_status":"open","sticky":false,"template":"","format":"standard","meta":{"footnotes":""},"categories":[1],"tags":[365,385,367,262,47,115,261],"class_list":["post-84191","post","type-post","status-publish","format-standard","has-post-thumbnail","hentry","category-general","tag-clinica-universitaria-de-psicoterapia-psicoanalitica","tag-distancia-psicologica","tag-doctorado-en-psicoanalisis","tag-maestria-en-psicoterapia","tag-psicoanalisis","tag-psicologia","tag-psicoterapia"],"yoast_head":"<!-- This site is optimized with the Yoast SEO plugin v27.0 - https:\/\/yoast.com\/product\/yoast-seo-wordpress\/ -->\n<title>Distancia psicol\u00f3gica: \u00bfalguna vez la experimentaste? - Educaci\u00f3n en l\u00ednea UIC<\/title>\n<meta name=\"description\" content=\"La distancia psicol\u00f3gica es una actitud que las personas pueden presentar hacia situaciones, espacios u otras personas que ...\" \/>\n<meta name=\"robots\" content=\"index, follow, max-snippet:-1, max-image-preview:large, max-video-preview:-1\" \/>\n<link rel=\"canonical\" href=\"https:\/\/educacionenlinea.uic.mx\/blog\/general\/distancia-psicologica-alguna-vez-la-experimentaste\/\" \/>\n<meta property=\"og:locale\" content=\"es_MX\" \/>\n<meta property=\"og:type\" content=\"article\" \/>\n<meta property=\"og:title\" content=\"Distancia psicol\u00f3gica: \u00bfalguna vez la experimentaste? - Educaci\u00f3n en l\u00ednea UIC\" \/>\n<meta property=\"og:description\" content=\"La distancia psicol\u00f3gica es una actitud que las personas pueden presentar hacia situaciones, espacios u otras personas que ...\" \/>\n<meta property=\"og:url\" content=\"https:\/\/educacionenlinea.uic.mx\/blog\/general\/distancia-psicologica-alguna-vez-la-experimentaste\/\" \/>\n<meta property=\"og:site_name\" content=\"Educaci\u00f3n en l\u00ednea UIC\" \/>\n<meta property=\"article:published_time\" content=\"2023-05-25T04:13:00+00:00\" \/>\n<meta property=\"og:image\" content=\"https:\/\/educacionenlinea.uic.mx\/blog\/wp-content\/uploads\/2023\/05\/Portada-blog_240523-scaled.jpg\" \/>\n\t<meta property=\"og:image:width\" content=\"2560\" \/>\n\t<meta property=\"og:image:height\" content=\"960\" \/>\n\t<meta property=\"og:image:type\" content=\"image\/jpeg\" \/>\n<meta name=\"author\" content=\"Lucero Ju\u00e1rez\" \/>\n<meta name=\"twitter:card\" content=\"summary_large_image\" \/>\n<meta name=\"twitter:label1\" content=\"Escrito por\" \/>\n\t<meta name=\"twitter:data1\" content=\"Lucero Ju\u00e1rez\" \/>\n\t<meta name=\"twitter:label2\" content=\"Tiempo de lectura\" \/>\n\t<meta name=\"twitter:data2\" content=\"3 minutos\" \/>\n<script type=\"application\/ld+json\" class=\"yoast-schema-graph\">{\"@context\":\"https:\/\/schema.org\",\"@graph\":[{\"@type\":\"Article\",\"@id\":\"https:\/\/educacionenlinea.uic.mx\/blog\/general\/distancia-psicologica-alguna-vez-la-experimentaste\/#article\",\"isPartOf\":{\"@id\":\"https:\/\/educacionenlinea.uic.mx\/blog\/general\/distancia-psicologica-alguna-vez-la-experimentaste\/\"},\"author\":{\"name\":\"Lucero Ju\u00e1rez\",\"@id\":\"https:\/\/educacionenlinea.uic.mx\/blog\/#\/schema\/person\/4676eebf557016077c4ffa18154deaa7\"},\"headline\":\"Distancia psicol\u00f3gica: \u00bfalguna vez la experimentaste?\",\"datePublished\":\"2023-05-25T04:13:00+00:00\",\"mainEntityOfPage\":{\"@id\":\"https:\/\/educacionenlinea.uic.mx\/blog\/general\/distancia-psicologica-alguna-vez-la-experimentaste\/\"},\"wordCount\":536,\"commentCount\":0,\"image\":{\"@id\":\"https:\/\/educacionenlinea.uic.mx\/blog\/general\/distancia-psicologica-alguna-vez-la-experimentaste\/#primaryimage\"},\"thumbnailUrl\":\"https:\/\/educacionenlinea.uic.mx\/blog\/wp-content\/uploads\/2023\/05\/Portada-blog_240523-scaled.jpg\",\"keywords\":[\"Cl\u00ednica Universitaria de Psicoterapia Psicoanal\u00edtica\",\"Distancia psicol\u00f3gica\",\"Doctorado en Psicoan\u00e1lisis\",\"Maestr\u00eda en psicoterapia\",\"psicoan\u00e1lisis\",\"Psicolog\u00eda\",\"psicoterapia\"],\"articleSection\":[\"General\"],\"inLanguage\":\"es\",\"potentialAction\":[{\"@type\":\"CommentAction\",\"name\":\"Comment\",\"target\":[\"https:\/\/educacionenlinea.uic.mx\/blog\/general\/distancia-psicologica-alguna-vez-la-experimentaste\/#respond\"]}]},{\"@type\":\"WebPage\",\"@id\":\"https:\/\/educacionenlinea.uic.mx\/blog\/general\/distancia-psicologica-alguna-vez-la-experimentaste\/\",\"url\":\"https:\/\/educacionenlinea.uic.mx\/blog\/general\/distancia-psicologica-alguna-vez-la-experimentaste\/\",\"name\":\"Distancia psicol\u00f3gica: \u00bfalguna vez la experimentaste? - Educaci\u00f3n en l\u00ednea UIC\",\"isPartOf\":{\"@id\":\"https:\/\/educacionenlinea.uic.mx\/blog\/#website\"},\"primaryImageOfPage\":{\"@id\":\"https:\/\/educacionenlinea.uic.mx\/blog\/general\/distancia-psicologica-alguna-vez-la-experimentaste\/#primaryimage\"},\"image\":{\"@id\":\"https:\/\/educacionenlinea.uic.mx\/blog\/general\/distancia-psicologica-alguna-vez-la-experimentaste\/#primaryimage\"},\"thumbnailUrl\":\"https:\/\/educacionenlinea.uic.mx\/blog\/wp-content\/uploads\/2023\/05\/Portada-blog_240523-scaled.jpg\",\"datePublished\":\"2023-05-25T04:13:00+00:00\",\"author\":{\"@id\":\"https:\/\/educacionenlinea.uic.mx\/blog\/#\/schema\/person\/4676eebf557016077c4ffa18154deaa7\"},\"description\":\"La distancia psicol\u00f3gica es una actitud que las personas pueden presentar hacia situaciones, espacios u otras personas que ...\",\"breadcrumb\":{\"@id\":\"https:\/\/educacionenlinea.uic.mx\/blog\/general\/distancia-psicologica-alguna-vez-la-experimentaste\/#breadcrumb\"},\"inLanguage\":\"es\",\"potentialAction\":[{\"@type\":\"ReadAction\",\"target\":[\"https:\/\/educacionenlinea.uic.mx\/blog\/general\/distancia-psicologica-alguna-vez-la-experimentaste\/\"]}]},{\"@type\":\"ImageObject\",\"inLanguage\":\"es\",\"@id\":\"https:\/\/educacionenlinea.uic.mx\/blog\/general\/distancia-psicologica-alguna-vez-la-experimentaste\/#primaryimage\",\"url\":\"https:\/\/educacionenlinea.uic.mx\/blog\/wp-content\/uploads\/2023\/05\/Portada-blog_240523-scaled.jpg\",\"contentUrl\":\"https:\/\/educacionenlinea.uic.mx\/blog\/wp-content\/uploads\/2023\/05\/Portada-blog_240523-scaled.jpg\",\"width\":2560,\"height\":960,\"caption\":\"La distancia psicol\u00f3gica es un concepto subjetivo, que est\u00e1 relacionado con la proximidad o distancia emocional, cognitiva y afectiva.\"},{\"@type\":\"BreadcrumbList\",\"@id\":\"https:\/\/educacionenlinea.uic.mx\/blog\/general\/distancia-psicologica-alguna-vez-la-experimentaste\/#breadcrumb\",\"itemListElement\":[{\"@type\":\"ListItem\",\"position\":1,\"name\":\"Inicio\",\"item\":\"https:\/\/educacionenlinea.uic.mx\/blog\/\"},{\"@type\":\"ListItem\",\"position\":2,\"name\":\"Distancia psicol\u00f3gica: \u00bfalguna vez la experimentaste?\"}]},{\"@type\":\"WebSite\",\"@id\":\"https:\/\/educacionenlinea.uic.mx\/blog\/#website\",\"url\":\"https:\/\/educacionenlinea.uic.mx\/blog\/\",\"name\":\"Educaci\u00f3n en l\u00ednea UIC\",\"description\":\"Blog UIC Online\",\"potentialAction\":[{\"@type\":\"SearchAction\",\"target\":{\"@type\":\"EntryPoint\",\"urlTemplate\":\"https:\/\/educacionenlinea.uic.mx\/blog\/?s={search_term_string}\"},\"query-input\":{\"@type\":\"PropertyValueSpecification\",\"valueRequired\":true,\"valueName\":\"search_term_string\"}}],\"inLanguage\":\"es\"},{\"@type\":\"Person\",\"@id\":\"https:\/\/educacionenlinea.uic.mx\/blog\/#\/schema\/person\/4676eebf557016077c4ffa18154deaa7\",\"name\":\"Lucero Ju\u00e1rez\",\"image\":{\"@type\":\"ImageObject\",\"inLanguage\":\"es\",\"@id\":\"https:\/\/educacionenlinea.uic.mx\/blog\/#\/schema\/person\/image\/\",\"url\":\"https:\/\/secure.gravatar.com\/avatar\/5fcd0456fa2007de4e4ae291187360223c1751810cc7363e51863631a3271a85?s=96&d=mm&r=g\",\"contentUrl\":\"https:\/\/secure.gravatar.com\/avatar\/5fcd0456fa2007de4e4ae291187360223c1751810cc7363e51863631a3271a85?s=96&d=mm&r=g\",\"caption\":\"Lucero Ju\u00e1rez\"},\"url\":\"https:\/\/educacionenlinea.uic.mx\/blog\/author\/lucero\/\"}]}<\/script>\n<!-- \/ Yoast SEO plugin. -->","yoast_head_json":{"title":"Distancia psicol\u00f3gica: \u00bfalguna vez la experimentaste? - Educaci\u00f3n en l\u00ednea UIC","description":"La distancia psicol\u00f3gica es una actitud que las personas pueden presentar hacia situaciones, espacios u otras personas que ...","robots":{"index":"index","follow":"follow","max-snippet":"max-snippet:-1","max-image-preview":"max-image-preview:large","max-video-preview":"max-video-preview:-1"},"canonical":"https:\/\/educacionenlinea.uic.mx\/blog\/general\/distancia-psicologica-alguna-vez-la-experimentaste\/","og_locale":"es_MX","og_type":"article","og_title":"Distancia psicol\u00f3gica: \u00bfalguna vez la experimentaste? - Educaci\u00f3n en l\u00ednea UIC","og_description":"La distancia psicol\u00f3gica es una actitud que las personas pueden presentar hacia situaciones, espacios u otras personas que ...","og_url":"https:\/\/educacionenlinea.uic.mx\/blog\/general\/distancia-psicologica-alguna-vez-la-experimentaste\/","og_site_name":"Educaci\u00f3n en l\u00ednea UIC","article_published_time":"2023-05-25T04:13:00+00:00","og_image":[{"width":2560,"height":960,"url":"https:\/\/educacionenlinea.uic.mx\/blog\/wp-content\/uploads\/2023\/05\/Portada-blog_240523-scaled.jpg","type":"image\/jpeg"}],"author":"Lucero Ju\u00e1rez","twitter_card":"summary_large_image","twitter_misc":{"Escrito por":"Lucero Ju\u00e1rez","Tiempo de lectura":"3 minutos"},"schema":{"@context":"https:\/\/schema.org","@graph":[{"@type":"Article","@id":"https:\/\/educacionenlinea.uic.mx\/blog\/general\/distancia-psicologica-alguna-vez-la-experimentaste\/#article","isPartOf":{"@id":"https:\/\/educacionenlinea.uic.mx\/blog\/general\/distancia-psicologica-alguna-vez-la-experimentaste\/"},"author":{"name":"Lucero Ju\u00e1rez","@id":"https:\/\/educacionenlinea.uic.mx\/blog\/#\/schema\/person\/4676eebf557016077c4ffa18154deaa7"},"headline":"Distancia psicol\u00f3gica: \u00bfalguna vez la experimentaste?","datePublished":"2023-05-25T04:13:00+00:00","mainEntityOfPage":{"@id":"https:\/\/educacionenlinea.uic.mx\/blog\/general\/distancia-psicologica-alguna-vez-la-experimentaste\/"},"wordCount":536,"commentCount":0,"image":{"@id":"https:\/\/educacionenlinea.uic.mx\/blog\/general\/distancia-psicologica-alguna-vez-la-experimentaste\/#primaryimage"},"thumbnailUrl":"https:\/\/educacionenlinea.uic.mx\/blog\/wp-content\/uploads\/2023\/05\/Portada-blog_240523-scaled.jpg","keywords":["Cl\u00ednica Universitaria de Psicoterapia Psicoanal\u00edtica","Distancia psicol\u00f3gica","Doctorado en Psicoan\u00e1lisis","Maestr\u00eda en psicoterapia","psicoan\u00e1lisis","Psicolog\u00eda","psicoterapia"],"articleSection":["General"],"inLanguage":"es","potentialAction":[{"@type":"CommentAction","name":"Comment","target":["https:\/\/educacionenlinea.uic.mx\/blog\/general\/distancia-psicologica-alguna-vez-la-experimentaste\/#respond"]}]},{"@type":"WebPage","@id":"https:\/\/educacionenlinea.uic.mx\/blog\/general\/distancia-psicologica-alguna-vez-la-experimentaste\/","url":"https:\/\/educacionenlinea.uic.mx\/blog\/general\/distancia-psicologica-alguna-vez-la-experimentaste\/","name":"Distancia psicol\u00f3gica: \u00bfalguna vez la experimentaste? - Educaci\u00f3n en l\u00ednea UIC","isPartOf":{"@id":"https:\/\/educacionenlinea.uic.mx\/blog\/#website"},"primaryImageOfPage":{"@id":"https:\/\/educacionenlinea.uic.mx\/blog\/general\/distancia-psicologica-alguna-vez-la-experimentaste\/#primaryimage"},"image":{"@id":"https:\/\/educacionenlinea.uic.mx\/blog\/general\/distancia-psicologica-alguna-vez-la-experimentaste\/#primaryimage"},"thumbnailUrl":"https:\/\/educacionenlinea.uic.mx\/blog\/wp-content\/uploads\/2023\/05\/Portada-blog_240523-scaled.jpg","datePublished":"2023-05-25T04:13:00+00:00","author":{"@id":"https:\/\/educacionenlinea.uic.mx\/blog\/#\/schema\/person\/4676eebf557016077c4ffa18154deaa7"},"description":"La distancia psicol\u00f3gica es una actitud que las personas pueden presentar hacia situaciones, espacios u otras personas que ...","breadcrumb":{"@id":"https:\/\/educacionenlinea.uic.mx\/blog\/general\/distancia-psicologica-alguna-vez-la-experimentaste\/#breadcrumb"},"inLanguage":"es","potentialAction":[{"@type":"ReadAction","target":["https:\/\/educacionenlinea.uic.mx\/blog\/general\/distancia-psicologica-alguna-vez-la-experimentaste\/"]}]},{"@type":"ImageObject","inLanguage":"es","@id":"https:\/\/educacionenlinea.uic.mx\/blog\/general\/distancia-psicologica-alguna-vez-la-experimentaste\/#primaryimage","url":"https:\/\/educacionenlinea.uic.mx\/blog\/wp-content\/uploads\/2023\/05\/Portada-blog_240523-scaled.jpg","contentUrl":"https:\/\/educacionenlinea.uic.mx\/blog\/wp-content\/uploads\/2023\/05\/Portada-blog_240523-scaled.jpg","width":2560,"height":960,"caption":"La distancia psicol\u00f3gica es un concepto subjetivo, que est\u00e1 relacionado con la proximidad o distancia emocional, cognitiva y afectiva."},{"@type":"BreadcrumbList","@id":"https:\/\/educacionenlinea.uic.mx\/blog\/general\/distancia-psicologica-alguna-vez-la-experimentaste\/#breadcrumb","itemListElement":[{"@type":"ListItem","position":1,"name":"Inicio","item":"https:\/\/educacionenlinea.uic.mx\/blog\/"},{"@type":"ListItem","position":2,"name":"Distancia psicol\u00f3gica: \u00bfalguna vez la experimentaste?"}]},{"@type":"WebSite","@id":"https:\/\/educacionenlinea.uic.mx\/blog\/#website","url":"https:\/\/educacionenlinea.uic.mx\/blog\/","name":"Educaci\u00f3n en l\u00ednea UIC","description":"Blog UIC Online","potentialAction":[{"@type":"SearchAction","target":{"@type":"EntryPoint","urlTemplate":"https:\/\/educacionenlinea.uic.mx\/blog\/?s={search_term_string}"},"query-input":{"@type":"PropertyValueSpecification","valueRequired":true,"valueName":"search_term_string"}}],"inLanguage":"es"},{"@type":"Person","@id":"https:\/\/educacionenlinea.uic.mx\/blog\/#\/schema\/person\/4676eebf557016077c4ffa18154deaa7","name":"Lucero Ju\u00e1rez","image":{"@type":"ImageObject","inLanguage":"es","@id":"https:\/\/educacionenlinea.uic.mx\/blog\/#\/schema\/person\/image\/","url":"https:\/\/secure.gravatar.com\/avatar\/5fcd0456fa2007de4e4ae291187360223c1751810cc7363e51863631a3271a85?s=96&d=mm&r=g","contentUrl":"https:\/\/secure.gravatar.com\/avatar\/5fcd0456fa2007de4e4ae291187360223c1751810cc7363e51863631a3271a85?s=96&d=mm&r=g","caption":"Lucero Ju\u00e1rez"},"url":"https:\/\/educacionenlinea.uic.mx\/blog\/author\/lucero\/"}]}},"_links":{"self":[{"href":"https:\/\/educacionenlinea.uic.mx\/blog\/wp-json\/wp\/v2\/posts\/84191","targetHints":{"allow":["GET"]}}],"collection":[{"href":"https:\/\/educacionenlinea.uic.mx\/blog\/wp-json\/wp\/v2\/posts"}],"about":[{"href":"https:\/\/educacionenlinea.uic.mx\/blog\/wp-json\/wp\/v2\/types\/post"}],"author":[{"embeddable":true,"href":"https:\/\/educacionenlinea.uic.mx\/blog\/wp-json\/wp\/v2\/users\/3"}],"replies":[{"embeddable":true,"href":"https:\/\/educacionenlinea.uic.mx\/blog\/wp-json\/wp\/v2\/comments?post=84191"}],"version-history":[{"count":5,"href":"https:\/\/educacionenlinea.uic.mx\/blog\/wp-json\/wp\/v2\/posts\/84191\/revisions"}],"predecessor-version":[{"id":84199,"href":"https:\/\/educacionenlinea.uic.mx\/blog\/wp-json\/wp\/v2\/posts\/84191\/revisions\/84199"}],"wp:featuredmedia":[{"embeddable":true,"href":"https:\/\/educacionenlinea.uic.mx\/blog\/wp-json\/wp\/v2\/media\/84196"}],"wp:attachment":[{"href":"https:\/\/educacionenlinea.uic.mx\/blog\/wp-json\/wp\/v2\/media?parent=84191"}],"wp:term":[{"taxonomy":"category","embeddable":true,"href":"https:\/\/educacionenlinea.uic.mx\/blog\/wp-json\/wp\/v2\/categories?post=84191"},{"taxonomy":"post_tag","embeddable":true,"href":"https:\/\/educacionenlinea.uic.mx\/blog\/wp-json\/wp\/v2\/tags?post=84191"}],"curies":[{"name":"wp","href":"https:\/\/api.w.org\/{rel}","templated":true}]}}