{"id":82843,"date":"2022-11-01T22:16:47","date_gmt":"2022-11-01T22:16:47","guid":{"rendered":"https:\/\/educacionenlinea.uic.mx\/blog\/?p=82843"},"modified":"2022-11-08T22:28:10","modified_gmt":"2022-11-08T22:28:10","slug":"el-diseno-contextual-y-la-experiencia-de-usuario","status":"publish","type":"post","link":"https:\/\/educacionenlinea.uic.mx\/blog\/general\/el-diseno-contextual-y-la-experiencia-de-usuario\/","title":{"rendered":"El dise\u00f1o contextual y la experiencia de usuario"},"content":{"rendered":"\n<p>Los t\u00e9rminos experiencia de usuario y dise\u00f1o contextual son ejes importantes que se deben de integrar en el <strong>dise\u00f1o UX<\/strong>; un proceso que se enfoca en generar un nivel de satisfacci\u00f3n positivo en las interacciones que se forman entre un usuario y el servicio o producto que le interesa.<\/p>\n\n\n\n<p>Estas interacciones definitivamente marcan la diferencia para que las tazas de conversi\u00f3n y el <strong>tiempo de permanencia en un espacio f\u00edsico o digital,<\/strong> aumenten y se pueda crear una conexi\u00f3n recurrente y estable.<\/p>\n\n\n\n<h2 class=\"wp-block-heading\"><strong>Dise\u00f1o contextual y el mundo de lo descontextualizado<\/strong><\/h2>\n\n\n\n<p>La <strong>experiencia de usuario<\/strong> es un campo de estudio que crece a pasos agigantados y muchas de sus ideas se convierten en actualizaciones que al poco tiempo ya est\u00e1n implementadas y que tambi\u00e9n r\u00e1pidamente pueden ser obsoletas.<\/p>\n\n\n\n<p>En principio la prueba y error es una premisa en este campo, sin embargo, hay ejes que permanecen y que se convierten en la <strong><a href=\"https:\/\/educacionenlinea.uic.mx\/eventos\/webinar-diseno-contextual.html\" target=\"_blank\" rel=\"noreferrer noopener\">columna vertebral del UX<\/a><\/strong>, como lo es el <strong>dise\u00f1o contextual<\/strong>, un par\u00e1metro que debe estar siempre en la mente del copy, dise\u00f1ador y programador.<\/p>\n\n\n\n<blockquote class=\"wp-block-quote is-layout-flow wp-block-quote-is-layout-flow\">\n<p>Actualmente, es muy com\u00fan percibir en los dise\u00f1os cierta desconexi\u00f3n entre el producto, usuario y la forma en como se presenta el producto.<\/p>\n<\/blockquote>\n\n\n\n<p>Si bien, una de las premisas es que la presentaci\u00f3n sea atractiva, amigable, r\u00e1pida e interactiva, la falta de contexto puede influir en una experiencia negativa, ya sea en ambientes virtuales o presenciales.<\/p>\n\n\n\n<p>Como lo explica Carlos Ortiz Nicol\u00e1s, en su ensayo de investigaci\u00f3n: <strong>Dise\u00f1o contextual:<\/strong> <em>ocho estructuras del contexto que impactan en la experiencia de usuario<\/em>; el contexto es una creaci\u00f3n humana, que permite dimensionar el lugar que \u201calgo\u201d o \u201calguien\u201d tiene en el mundo.<\/p>\n\n\n\n<p>La descontextualizaci\u00f3n presente en los productos que actualmente se ofertan, intentan respaldar su implementaci\u00f3n con una <strong>presentaci\u00f3n \u201cgen\u00e9rica y limpia\u201d,<\/strong> sin ser un argumento lo suficientemente fuerte, para que realmente tenga \u00e9xito.<\/p>\n\n\n\n<h2 class=\"wp-block-heading\"><strong>La importancia del dise\u00f1o contextual &nbsp;<\/strong><\/h2>\n\n\n\n<p><strong>El contexto es una estructura cambiante y din\u00e1mica<\/strong> que afectar\u00e1 la manera en como las personas pueden interactuar con \u201calgo\u201d (ya sea un producto, servicio o experiencia) y que tiene fuertes repercusiones en las acciones que es probable se desencadenen.<\/p>\n\n\n\n<p>Investigadores como Carlos Ortiz Nicol\u00e1s, afirman que la <strong>diversidad y complejidad de la naturaleza del contexto<\/strong> hace posible <strong>dividirlo en estructuras<\/strong>, ocho para ser precisos: espacial, sist\u00e9mica, social, cultural, situacional, temporal, econ\u00f3mica y pol\u00edtica.<\/p>\n\n\n\n<p>Cada una de estas estructuras interact\u00faa con las otras y produce una avalancha multifac\u00e9tica de herramientas, ideas y estrategias que pueden ayudar (o no) a que la \u201cexperiencia de usuario\u201d sea memorable y\/o recurrente.<\/p>\n\n\n\n<h2 class=\"wp-block-heading\"><strong>\u00bfD\u00f3nde aprender sobre dise\u00f1o contextual para UX?<\/strong><\/h2>\n\n\n\n<figure class=\"wp-block-image size-large is-resized\"><img loading=\"lazy\" decoding=\"async\" src=\"https:\/\/educacionenlinea.uic.mx\/blog\/wp-content\/uploads\/2022\/11\/Webinar-Disen\u0303o-contextual-Experiencia-del-usuario-Fecha-Landscape-1024x537.jpg\" alt=\"Dise\u00f1o contextual y su aplicaci\u00f3n en UX. Taller webinar UIC v\u00eda zoom. \" class=\"wp-image-82845\" width=\"768\" height=\"403\" srcset=\"https:\/\/educacionenlinea.uic.mx\/blog\/wp-content\/uploads\/2022\/11\/Webinar-Disen\u0303o-contextual-Experiencia-del-usuario-Fecha-Landscape-1024x537.jpg 1024w, https:\/\/educacionenlinea.uic.mx\/blog\/wp-content\/uploads\/2022\/11\/Webinar-Disen\u0303o-contextual-Experiencia-del-usuario-Fecha-Landscape-300x157.jpg 300w, https:\/\/educacionenlinea.uic.mx\/blog\/wp-content\/uploads\/2022\/11\/Webinar-Disen\u0303o-contextual-Experiencia-del-usuario-Fecha-Landscape-768x403.jpg 768w, https:\/\/educacionenlinea.uic.mx\/blog\/wp-content\/uploads\/2022\/11\/Webinar-Disen\u0303o-contextual-Experiencia-del-usuario-Fecha-Landscape.jpg 1081w\" sizes=\"auto, (max-width: 768px) 100vw, 768px\" \/><figcaption class=\"wp-element-caption\"><strong>TALLER GRATUITO &#8211; INSCRIPCIONES ABIERTAS<\/strong><\/figcaption><\/figure>\n\n\n\n<p>Este tema es lo suficientemente extenso y para aplicarse adecuadamente a las necesidades y ambientes digitales, lo ideal es contar con la gu\u00eda profesional.<\/p>\n\n\n\n<p>Por eso, te invitamos a participar en nuestro <strong><a href=\"https:\/\/educacionenlinea.uic.mx\/eventos\/webinar-diseno-contextual.html\" target=\"_blank\" rel=\"noreferrer noopener\">Taller virtual gratis (Webinar) sobre Dise\u00f1o Contextual<\/a><\/strong>, que se estar\u00e1 llevando a cabo el <strong>pr\u00f3ximo 8 de noviembre.<\/strong><\/p>\n\n\n\n<p>Este webinar es completamente <strong>GRATUITO, <a href=\"https:\/\/educacionenlinea.uic.mx\/eventos\/webinar-diseno-contextual.html\" target=\"_blank\" rel=\"noreferrer noopener\">solo tienes que inscribirte aqu\u00ed<\/a><\/strong>, para garantizar tu lugar. Al finalizar el taller se te otorgar\u00e1 una constancia de participaci\u00f3n.<\/p>\n\n\n\n<p class=\"has-white-color has-text-color has-background has-medium-font-size\" style=\"background-color:#025b3a\"><strong><a href=\"https:\/\/educacionenlinea.uic.mx\/eventos\/webinar-diseno-contextual.html\" target=\"_blank\" rel=\"noreferrer noopener\">Reserva tu lugar aqu\u00ed.<\/a><\/strong><\/p>\n","protected":false},"excerpt":{"rendered":"<p>Los t\u00e9rminos experiencia de usuario y dise\u00f1o contextual son ejes importantes que se deben de integrar en el dise\u00f1o UX; [&hellip;]<\/p>\n","protected":false},"author":3,"featured_media":82873,"comment_status":"open","ping_status":"open","sticky":false,"template":"","format":"standard","meta":{"footnotes":""},"categories":[1],"tags":[128,163,161,164,127],"class_list":["post-82843","post","type-post","status-publish","format-standard","has-post-thumbnail","hentry","category-general","tag-diseno-contextual","tag-diseno-ux","tag-experiencia-de-usuario","tag-taller","tag-webinar"],"yoast_head":"<!-- This site is optimized with the Yoast SEO plugin v27.0 - https:\/\/yoast.com\/product\/yoast-seo-wordpress\/ -->\n<title>El dise\u00f1o contextual y la experiencia de usuario - Educaci\u00f3n en l\u00ednea UIC<\/title>\n<meta name=\"description\" content=\"Aprende en este taller gratuito (webinar) las bases del dise\u00f1o contextual, su importancia e implementaci\u00f3n para el campo del UX.\" \/>\n<meta name=\"robots\" content=\"index, follow, max-snippet:-1, max-image-preview:large, max-video-preview:-1\" \/>\n<link rel=\"canonical\" href=\"https:\/\/educacionenlinea.uic.mx\/blog\/general\/el-diseno-contextual-y-la-experiencia-de-usuario\/\" \/>\n<meta property=\"og:locale\" content=\"es_MX\" \/>\n<meta property=\"og:type\" content=\"article\" \/>\n<meta property=\"og:title\" content=\"El dise\u00f1o contextual y la experiencia de usuario - Educaci\u00f3n en l\u00ednea UIC\" \/>\n<meta property=\"og:description\" content=\"Aprende en este taller gratuito (webinar) las bases del dise\u00f1o contextual, su importancia e implementaci\u00f3n para el campo del UX.\" \/>\n<meta property=\"og:url\" content=\"https:\/\/educacionenlinea.uic.mx\/blog\/general\/el-diseno-contextual-y-la-experiencia-de-usuario\/\" \/>\n<meta property=\"og:site_name\" content=\"Educaci\u00f3n en l\u00ednea UIC\" \/>\n<meta property=\"article:published_time\" content=\"2022-11-01T22:16:47+00:00\" \/>\n<meta property=\"article:modified_time\" content=\"2022-11-08T22:28:10+00:00\" \/>\n<meta property=\"og:image\" content=\"https:\/\/educacionenlinea.uic.mx\/blog\/wp-content\/uploads\/2022\/11\/blog3.jpg\" \/>\n\t<meta property=\"og:image:width\" content=\"2560\" \/>\n\t<meta property=\"og:image:height\" content=\"960\" \/>\n\t<meta property=\"og:image:type\" content=\"image\/jpeg\" \/>\n<meta name=\"author\" content=\"Lucero Ju\u00e1rez\" \/>\n<meta name=\"twitter:card\" content=\"summary_large_image\" \/>\n<meta name=\"twitter:label1\" content=\"Escrito por\" \/>\n\t<meta name=\"twitter:data1\" content=\"Lucero Ju\u00e1rez\" \/>\n\t<meta name=\"twitter:label2\" content=\"Tiempo de lectura\" \/>\n\t<meta name=\"twitter:data2\" content=\"3 minutos\" \/>\n<script type=\"application\/ld+json\" class=\"yoast-schema-graph\">{\"@context\":\"https:\/\/schema.org\",\"@graph\":[{\"@type\":\"Article\",\"@id\":\"https:\/\/educacionenlinea.uic.mx\/blog\/general\/el-diseno-contextual-y-la-experiencia-de-usuario\/#article\",\"isPartOf\":{\"@id\":\"https:\/\/educacionenlinea.uic.mx\/blog\/general\/el-diseno-contextual-y-la-experiencia-de-usuario\/\"},\"author\":{\"name\":\"Lucero Ju\u00e1rez\",\"@id\":\"https:\/\/educacionenlinea.uic.mx\/blog\/#\/schema\/person\/4676eebf557016077c4ffa18154deaa7\"},\"headline\":\"El dise\u00f1o contextual y la experiencia de usuario\",\"datePublished\":\"2022-11-01T22:16:47+00:00\",\"dateModified\":\"2022-11-08T22:28:10+00:00\",\"mainEntityOfPage\":{\"@id\":\"https:\/\/educacionenlinea.uic.mx\/blog\/general\/el-diseno-contextual-y-la-experiencia-de-usuario\/\"},\"wordCount\":561,\"commentCount\":0,\"image\":{\"@id\":\"https:\/\/educacionenlinea.uic.mx\/blog\/general\/el-diseno-contextual-y-la-experiencia-de-usuario\/#primaryimage\"},\"thumbnailUrl\":\"https:\/\/educacionenlinea.uic.mx\/blog\/wp-content\/uploads\/2022\/11\/blog3.jpg\",\"keywords\":[\"Dise\u00f1o contextual\",\"dise\u00f1o UX\",\"experiencia de usuario\",\"Taller\",\"Webinar\"],\"articleSection\":[\"General\"],\"inLanguage\":\"es\",\"potentialAction\":[{\"@type\":\"CommentAction\",\"name\":\"Comment\",\"target\":[\"https:\/\/educacionenlinea.uic.mx\/blog\/general\/el-diseno-contextual-y-la-experiencia-de-usuario\/#respond\"]}]},{\"@type\":\"WebPage\",\"@id\":\"https:\/\/educacionenlinea.uic.mx\/blog\/general\/el-diseno-contextual-y-la-experiencia-de-usuario\/\",\"url\":\"https:\/\/educacionenlinea.uic.mx\/blog\/general\/el-diseno-contextual-y-la-experiencia-de-usuario\/\",\"name\":\"El dise\u00f1o contextual y la experiencia de usuario - Educaci\u00f3n en l\u00ednea UIC\",\"isPartOf\":{\"@id\":\"https:\/\/educacionenlinea.uic.mx\/blog\/#website\"},\"primaryImageOfPage\":{\"@id\":\"https:\/\/educacionenlinea.uic.mx\/blog\/general\/el-diseno-contextual-y-la-experiencia-de-usuario\/#primaryimage\"},\"image\":{\"@id\":\"https:\/\/educacionenlinea.uic.mx\/blog\/general\/el-diseno-contextual-y-la-experiencia-de-usuario\/#primaryimage\"},\"thumbnailUrl\":\"https:\/\/educacionenlinea.uic.mx\/blog\/wp-content\/uploads\/2022\/11\/blog3.jpg\",\"datePublished\":\"2022-11-01T22:16:47+00:00\",\"dateModified\":\"2022-11-08T22:28:10+00:00\",\"author\":{\"@id\":\"https:\/\/educacionenlinea.uic.mx\/blog\/#\/schema\/person\/4676eebf557016077c4ffa18154deaa7\"},\"description\":\"Aprende en este taller gratuito (webinar) las bases del dise\u00f1o contextual, su importancia e implementaci\u00f3n para el campo del UX.\",\"breadcrumb\":{\"@id\":\"https:\/\/educacionenlinea.uic.mx\/blog\/general\/el-diseno-contextual-y-la-experiencia-de-usuario\/#breadcrumb\"},\"inLanguage\":\"es\",\"potentialAction\":[{\"@type\":\"ReadAction\",\"target\":[\"https:\/\/educacionenlinea.uic.mx\/blog\/general\/el-diseno-contextual-y-la-experiencia-de-usuario\/\"]}]},{\"@type\":\"ImageObject\",\"inLanguage\":\"es\",\"@id\":\"https:\/\/educacionenlinea.uic.mx\/blog\/general\/el-diseno-contextual-y-la-experiencia-de-usuario\/#primaryimage\",\"url\":\"https:\/\/educacionenlinea.uic.mx\/blog\/wp-content\/uploads\/2022\/11\/blog3.jpg\",\"contentUrl\":\"https:\/\/educacionenlinea.uic.mx\/blog\/wp-content\/uploads\/2022\/11\/blog3.jpg\",\"width\":2560,\"height\":960},{\"@type\":\"BreadcrumbList\",\"@id\":\"https:\/\/educacionenlinea.uic.mx\/blog\/general\/el-diseno-contextual-y-la-experiencia-de-usuario\/#breadcrumb\",\"itemListElement\":[{\"@type\":\"ListItem\",\"position\":1,\"name\":\"Inicio\",\"item\":\"https:\/\/educacionenlinea.uic.mx\/blog\/\"},{\"@type\":\"ListItem\",\"position\":2,\"name\":\"El dise\u00f1o contextual y la experiencia de usuario\"}]},{\"@type\":\"WebSite\",\"@id\":\"https:\/\/educacionenlinea.uic.mx\/blog\/#website\",\"url\":\"https:\/\/educacionenlinea.uic.mx\/blog\/\",\"name\":\"Educaci\u00f3n en l\u00ednea UIC\",\"description\":\"Blog UIC Online\",\"potentialAction\":[{\"@type\":\"SearchAction\",\"target\":{\"@type\":\"EntryPoint\",\"urlTemplate\":\"https:\/\/educacionenlinea.uic.mx\/blog\/?s={search_term_string}\"},\"query-input\":{\"@type\":\"PropertyValueSpecification\",\"valueRequired\":true,\"valueName\":\"search_term_string\"}}],\"inLanguage\":\"es\"},{\"@type\":\"Person\",\"@id\":\"https:\/\/educacionenlinea.uic.mx\/blog\/#\/schema\/person\/4676eebf557016077c4ffa18154deaa7\",\"name\":\"Lucero Ju\u00e1rez\",\"image\":{\"@type\":\"ImageObject\",\"inLanguage\":\"es\",\"@id\":\"https:\/\/educacionenlinea.uic.mx\/blog\/#\/schema\/person\/image\/\",\"url\":\"https:\/\/secure.gravatar.com\/avatar\/5fcd0456fa2007de4e4ae291187360223c1751810cc7363e51863631a3271a85?s=96&d=mm&r=g\",\"contentUrl\":\"https:\/\/secure.gravatar.com\/avatar\/5fcd0456fa2007de4e4ae291187360223c1751810cc7363e51863631a3271a85?s=96&d=mm&r=g\",\"caption\":\"Lucero Ju\u00e1rez\"},\"url\":\"https:\/\/educacionenlinea.uic.mx\/blog\/author\/lucero\/\"}]}<\/script>\n<!-- \/ Yoast SEO plugin. -->","yoast_head_json":{"title":"El dise\u00f1o contextual y la experiencia de usuario - Educaci\u00f3n en l\u00ednea UIC","description":"Aprende en este taller gratuito (webinar) las bases del dise\u00f1o contextual, su importancia e implementaci\u00f3n para el campo del UX.","robots":{"index":"index","follow":"follow","max-snippet":"max-snippet:-1","max-image-preview":"max-image-preview:large","max-video-preview":"max-video-preview:-1"},"canonical":"https:\/\/educacionenlinea.uic.mx\/blog\/general\/el-diseno-contextual-y-la-experiencia-de-usuario\/","og_locale":"es_MX","og_type":"article","og_title":"El dise\u00f1o contextual y la experiencia de usuario - Educaci\u00f3n en l\u00ednea UIC","og_description":"Aprende en este taller gratuito (webinar) las bases del dise\u00f1o contextual, su importancia e implementaci\u00f3n para el campo del UX.","og_url":"https:\/\/educacionenlinea.uic.mx\/blog\/general\/el-diseno-contextual-y-la-experiencia-de-usuario\/","og_site_name":"Educaci\u00f3n en l\u00ednea UIC","article_published_time":"2022-11-01T22:16:47+00:00","article_modified_time":"2022-11-08T22:28:10+00:00","og_image":[{"width":2560,"height":960,"url":"https:\/\/educacionenlinea.uic.mx\/blog\/wp-content\/uploads\/2022\/11\/blog3.jpg","type":"image\/jpeg"}],"author":"Lucero Ju\u00e1rez","twitter_card":"summary_large_image","twitter_misc":{"Escrito por":"Lucero Ju\u00e1rez","Tiempo de lectura":"3 minutos"},"schema":{"@context":"https:\/\/schema.org","@graph":[{"@type":"Article","@id":"https:\/\/educacionenlinea.uic.mx\/blog\/general\/el-diseno-contextual-y-la-experiencia-de-usuario\/#article","isPartOf":{"@id":"https:\/\/educacionenlinea.uic.mx\/blog\/general\/el-diseno-contextual-y-la-experiencia-de-usuario\/"},"author":{"name":"Lucero Ju\u00e1rez","@id":"https:\/\/educacionenlinea.uic.mx\/blog\/#\/schema\/person\/4676eebf557016077c4ffa18154deaa7"},"headline":"El dise\u00f1o contextual y la experiencia de usuario","datePublished":"2022-11-01T22:16:47+00:00","dateModified":"2022-11-08T22:28:10+00:00","mainEntityOfPage":{"@id":"https:\/\/educacionenlinea.uic.mx\/blog\/general\/el-diseno-contextual-y-la-experiencia-de-usuario\/"},"wordCount":561,"commentCount":0,"image":{"@id":"https:\/\/educacionenlinea.uic.mx\/blog\/general\/el-diseno-contextual-y-la-experiencia-de-usuario\/#primaryimage"},"thumbnailUrl":"https:\/\/educacionenlinea.uic.mx\/blog\/wp-content\/uploads\/2022\/11\/blog3.jpg","keywords":["Dise\u00f1o contextual","dise\u00f1o UX","experiencia de usuario","Taller","Webinar"],"articleSection":["General"],"inLanguage":"es","potentialAction":[{"@type":"CommentAction","name":"Comment","target":["https:\/\/educacionenlinea.uic.mx\/blog\/general\/el-diseno-contextual-y-la-experiencia-de-usuario\/#respond"]}]},{"@type":"WebPage","@id":"https:\/\/educacionenlinea.uic.mx\/blog\/general\/el-diseno-contextual-y-la-experiencia-de-usuario\/","url":"https:\/\/educacionenlinea.uic.mx\/blog\/general\/el-diseno-contextual-y-la-experiencia-de-usuario\/","name":"El dise\u00f1o contextual y la experiencia de usuario - Educaci\u00f3n en l\u00ednea UIC","isPartOf":{"@id":"https:\/\/educacionenlinea.uic.mx\/blog\/#website"},"primaryImageOfPage":{"@id":"https:\/\/educacionenlinea.uic.mx\/blog\/general\/el-diseno-contextual-y-la-experiencia-de-usuario\/#primaryimage"},"image":{"@id":"https:\/\/educacionenlinea.uic.mx\/blog\/general\/el-diseno-contextual-y-la-experiencia-de-usuario\/#primaryimage"},"thumbnailUrl":"https:\/\/educacionenlinea.uic.mx\/blog\/wp-content\/uploads\/2022\/11\/blog3.jpg","datePublished":"2022-11-01T22:16:47+00:00","dateModified":"2022-11-08T22:28:10+00:00","author":{"@id":"https:\/\/educacionenlinea.uic.mx\/blog\/#\/schema\/person\/4676eebf557016077c4ffa18154deaa7"},"description":"Aprende en este taller gratuito (webinar) las bases del dise\u00f1o contextual, su importancia e implementaci\u00f3n para el campo del UX.","breadcrumb":{"@id":"https:\/\/educacionenlinea.uic.mx\/blog\/general\/el-diseno-contextual-y-la-experiencia-de-usuario\/#breadcrumb"},"inLanguage":"es","potentialAction":[{"@type":"ReadAction","target":["https:\/\/educacionenlinea.uic.mx\/blog\/general\/el-diseno-contextual-y-la-experiencia-de-usuario\/"]}]},{"@type":"ImageObject","inLanguage":"es","@id":"https:\/\/educacionenlinea.uic.mx\/blog\/general\/el-diseno-contextual-y-la-experiencia-de-usuario\/#primaryimage","url":"https:\/\/educacionenlinea.uic.mx\/blog\/wp-content\/uploads\/2022\/11\/blog3.jpg","contentUrl":"https:\/\/educacionenlinea.uic.mx\/blog\/wp-content\/uploads\/2022\/11\/blog3.jpg","width":2560,"height":960},{"@type":"BreadcrumbList","@id":"https:\/\/educacionenlinea.uic.mx\/blog\/general\/el-diseno-contextual-y-la-experiencia-de-usuario\/#breadcrumb","itemListElement":[{"@type":"ListItem","position":1,"name":"Inicio","item":"https:\/\/educacionenlinea.uic.mx\/blog\/"},{"@type":"ListItem","position":2,"name":"El dise\u00f1o contextual y la experiencia de usuario"}]},{"@type":"WebSite","@id":"https:\/\/educacionenlinea.uic.mx\/blog\/#website","url":"https:\/\/educacionenlinea.uic.mx\/blog\/","name":"Educaci\u00f3n en l\u00ednea UIC","description":"Blog UIC Online","potentialAction":[{"@type":"SearchAction","target":{"@type":"EntryPoint","urlTemplate":"https:\/\/educacionenlinea.uic.mx\/blog\/?s={search_term_string}"},"query-input":{"@type":"PropertyValueSpecification","valueRequired":true,"valueName":"search_term_string"}}],"inLanguage":"es"},{"@type":"Person","@id":"https:\/\/educacionenlinea.uic.mx\/blog\/#\/schema\/person\/4676eebf557016077c4ffa18154deaa7","name":"Lucero Ju\u00e1rez","image":{"@type":"ImageObject","inLanguage":"es","@id":"https:\/\/educacionenlinea.uic.mx\/blog\/#\/schema\/person\/image\/","url":"https:\/\/secure.gravatar.com\/avatar\/5fcd0456fa2007de4e4ae291187360223c1751810cc7363e51863631a3271a85?s=96&d=mm&r=g","contentUrl":"https:\/\/secure.gravatar.com\/avatar\/5fcd0456fa2007de4e4ae291187360223c1751810cc7363e51863631a3271a85?s=96&d=mm&r=g","caption":"Lucero Ju\u00e1rez"},"url":"https:\/\/educacionenlinea.uic.mx\/blog\/author\/lucero\/"}]}},"_links":{"self":[{"href":"https:\/\/educacionenlinea.uic.mx\/blog\/wp-json\/wp\/v2\/posts\/82843","targetHints":{"allow":["GET"]}}],"collection":[{"href":"https:\/\/educacionenlinea.uic.mx\/blog\/wp-json\/wp\/v2\/posts"}],"about":[{"href":"https:\/\/educacionenlinea.uic.mx\/blog\/wp-json\/wp\/v2\/types\/post"}],"author":[{"embeddable":true,"href":"https:\/\/educacionenlinea.uic.mx\/blog\/wp-json\/wp\/v2\/users\/3"}],"replies":[{"embeddable":true,"href":"https:\/\/educacionenlinea.uic.mx\/blog\/wp-json\/wp\/v2\/comments?post=82843"}],"version-history":[{"count":3,"href":"https:\/\/educacionenlinea.uic.mx\/blog\/wp-json\/wp\/v2\/posts\/82843\/revisions"}],"predecessor-version":[{"id":82874,"href":"https:\/\/educacionenlinea.uic.mx\/blog\/wp-json\/wp\/v2\/posts\/82843\/revisions\/82874"}],"wp:featuredmedia":[{"embeddable":true,"href":"https:\/\/educacionenlinea.uic.mx\/blog\/wp-json\/wp\/v2\/media\/82873"}],"wp:attachment":[{"href":"https:\/\/educacionenlinea.uic.mx\/blog\/wp-json\/wp\/v2\/media?parent=82843"}],"wp:term":[{"taxonomy":"category","embeddable":true,"href":"https:\/\/educacionenlinea.uic.mx\/blog\/wp-json\/wp\/v2\/categories?post=82843"},{"taxonomy":"post_tag","embeddable":true,"href":"https:\/\/educacionenlinea.uic.mx\/blog\/wp-json\/wp\/v2\/tags?post=82843"}],"curies":[{"name":"wp","href":"https:\/\/api.w.org\/{rel}","templated":true}]}}