{"id":82467,"date":"2022-09-12T23:42:00","date_gmt":"2022-09-12T23:42:00","guid":{"rendered":"https:\/\/www.uic.mx\/?p=82467"},"modified":"2022-10-13T14:57:19","modified_gmt":"2022-10-13T14:57:19","slug":"panorama-gestion-del-aprendizaje-mexico","status":"publish","type":"post","link":"https:\/\/educacionenlinea.uic.mx\/blog\/educacion-continua\/panorama-gestion-del-aprendizaje-mexico\/","title":{"rendered":"Panorama de la gesti\u00f3n del aprendizaje en M\u00e9xico"},"content":{"rendered":"\n<p><strong>La ense\u00f1anza es una actividad estrat\u00e9gica<\/strong>, que pone en evidencia el inter\u00e9s de un pa\u00eds por ofrecer a sus ciudadanos educaci\u00f3n de calidad y vanguardista.<\/p>\n\n\n\n<p>Desde el punto de vista de la <strong>gesti\u00f3n del aprendizaje<\/strong>, este es uno de los procesos a los que se debe prestar atenci\u00f3n, considerando que las <strong>aulas<\/strong> pasaron a ser <strong>presenciales, virtuales e h\u00edbridas<\/strong>.<\/p>\n\n\n\n<h2 class=\"has-text-color wp-block-heading\" style=\"color:#3773c7\"><strong>Elementos fundamentales para la gesti\u00f3n de un aula<\/strong><\/h2>\n\n\n\n<p>La <strong>gesti\u00f3n es un proceso administrativo<\/strong>, que nos ayuda a coordinar y optimizar los recursos (materiales y personas) y tecnolog\u00edas, para cumplir con objetivos y metas a corto, mediano y largo plazo.<\/p>\n\n\n\n<p>Para la educaci\u00f3n, la gesti\u00f3n no es un tema ajeno, porque dentro de un <strong>aula virtual o f\u00edsica<\/strong>, existen <strong>engranajes claves<\/strong>, que permiten el acercamiento del conocimiento con los estudiantes y que es <strong>necesario gestionar<\/strong> para su aprovechamiento m\u00e1ximo.<\/p>\n\n\n\n<p>Estos <strong>elementos fundamentales<\/strong> persisten en cualquier nivel educativo, desde el nivel b\u00e1sico, hasta el superior. <\/p>\n\n\n\n<p>A continuaci\u00f3n, enlistamos los tipos de gesti\u00f3n: <\/p>\n\n\n\n<ul class=\"wp-block-list\"><li>Espacio<\/li><li>Tiempo<\/li><li><strong>Aprendizaje<\/strong><\/li><li>Estudiante<\/li><li>Docente<\/li><\/ul>\n\n\n\n<p>Todos estos componentes, son parte de la <strong><a href=\"https:\/\/educacionenlinea.uic.mx\/diplomados-en-linea\/programas\/gestion-del-aprendizaje-en-ambientes-virtuales.html\" target=\"_blank\" rel=\"noreferrer noopener\">din\u00e1mica de ense\u00f1anza dentro del aula<\/a><\/strong>, se pueden ajustar en conjunto o de manera separada, dependiendo de las necesidades y <strong>estrategias pedag\u00f3gicas<\/strong> que se tengan mapeadas.&nbsp;<\/p>\n\n\n\n<h2 class=\"has-text-color wp-block-heading\" style=\"color:#3773c7\"><strong>\u00bfQu\u00e9 se entiende por gesti\u00f3n del aprendizaje?<\/strong><\/h2>\n\n\n\n<p>De los cinco elementos fundamentales, que tienen que estar presentes dentro de un aula, la <strong>gesti\u00f3n del aprendizaje<\/strong> tiene relevancia superior y llega a trascender a las otras, por un hecho clave: <strong>los ambientes virtuales del aprendizaje<\/strong>.<\/p>\n\n\n\n<p>La <strong>pandemia aceler\u00f3<\/strong> el avance de las <strong>tecnolog\u00edas de la informaci\u00f3n<\/strong>, para diferentes industrias y sectores; siendo el educativo una paradoja en este avance.<\/p>\n\n\n\n<p>Esta <strong>paradoja<\/strong> aplicar\u00eda para el <strong>caso de M\u00e9xico y Latinoam\u00e9rica<\/strong>, donde es claro que el acceso de este <strong>avance tecnol\u00f3gico<\/strong>, lo tiene quien lo puede pagar o garantizar, pero esto es un tema aparte.<\/p>\n\n\n\n<blockquote class=\"wp-block-quote is-layout-flow wp-block-quote-is-layout-flow\"><p>Sin embargo, el avance est\u00e1 ah\u00ed y no se puede detener. As\u00ed pues, <strong>la din\u00e1mica del aprendizaje debe cambiar, sobre todo en la virtualidad.<\/strong><\/p><\/blockquote>\n\n\n\n<p>La <strong>gesti\u00f3n del aprendizaje<\/strong>, es la <strong>din\u00e1mica<\/strong> que realiza el <strong>docente <\/strong>en su quehacer con el <strong>estudiante<\/strong>, para interpretar y compartir el conocimiento acumulado y nuevo.<\/p>\n\n\n\n<p>Sin embargo, la tarea no termina ah\u00ed. Este quehacer tambi\u00e9n involucra <strong>responder a las propias interpretaciones de los estudiantes<\/strong>; guiarlas y adaptarlas a su realidad y necesidades. &nbsp;<\/p>\n\n\n\n<figure class=\"wp-block-image size-full\"><a href=\"https:\/\/www.uic.mx\/wp-content\/uploads\/2022\/09\/aulas-virtuales-.jpg\"><img decoding=\"async\" src=\"https:\/\/www.uic.mx\/wp-content\/uploads\/2022\/09\/aulas-virtuales-.jpg\" alt=\"gesti\u00f3n del aprendizaje en aulas virtuales para contribuir en la formaci\u00f3n de estudiantes. \" class=\"wp-image-82483\"\/><\/a><figcaption><em>Las aulas virtuales son espacios de aprendizaje que pueden conectar y amplificar el conocimiento.<\/em><\/figcaption><\/figure>\n\n\n\n<h2 class=\"has-text-color wp-block-heading\" style=\"color:#3773c7\"><strong>\u00bfQu\u00e9 papel llevan los educadores en la gesti\u00f3n de aprendizaje?<\/strong><\/h2>\n\n\n\n<p><strong>Las y los educadores tienen un papel importante<\/strong> en la forma en c\u00f3mo se gestiona el aprendizaje.<\/p>\n\n\n\n<p>Son los responsables de transmitir, adaptar, verificar y moldear en el <strong>pensamiento critico-reflexivo<\/strong> a los estudiantes, para que a su vez ellos puedan convertirse en individuos que expandan el conocimiento, dentro de la sociedad.<\/p>\n\n\n\n<p>Conociendo el rol de los educadores, es imperativo que ellos conozcan los <strong><a href=\"https:\/\/www.uic.mx\/un-nuevo-comienzo-en-la-universidad\/\" target=\"_blank\" rel=\"noreferrer noopener\">ajustes en la din\u00e1mica de las clases presenciales<\/a><\/strong> despu\u00e9s de la pandemia y por su puesto <strong><a href=\"https:\/\/educacionenlinea.uic.mx\/diplomados-en-linea\/programas\/gestion-del-aprendizaje-en-ambientes-virtuales.html\" target=\"_blank\" rel=\"noreferrer noopener\">en las aulas virtuales<\/a><\/strong>, con el fin de <strong>garantizar el proceso de ense\u00f1anza-aprendizaje.<\/strong><\/p>\n\n\n\n<h2 class=\"has-text-color wp-block-heading\" style=\"color:#3773c7\"><strong>Ambientes virtuales de aprendizaje<\/strong><\/h2>\n\n\n\n<p>Los <strong>ambientes virtuales de aprendizaje<\/strong>, tambi\u00e9n conocidos como <strong>AVA<\/strong> son espacios que viven en internet y tienen el objetivo de mejorar, expandir y facilitar el proceso de aprendizaje.<\/p>\n\n\n\n<p>Estos espacios virtuales son usados por los profesores y estudiantes para <strong>crear una interacci\u00f3n m\u00e1s creativa en su proceso de formaci\u00f3n<\/strong>, adicional a esto los progresos y el seguimiento se puede dar con m\u00e1s naturalidad.<\/p>\n\n\n\n<p>Existen <strong><a href=\"https:\/\/educacionenlinea.uic.mx\/diplomados-en-linea\/programas\/gestion-del-aprendizaje-en-ambientes-virtuales.html\" target=\"_blank\" rel=\"noreferrer noopener\">diferentes tipos de AVA<\/a><\/strong>, pueden ser desde <strong>blogs, micrositios y hasta realidad virtual<\/strong>, esta \u00faltima a\u00fan en fase de prueba para ambientes escolares, en un intento por crear interacciones m\u00e1s \u201chumanas\u201d en aulas virtuales.<\/p>\n\n\n\n<p>Algunos ejemplos de estos ambientes, son: <strong>Moodle, Adventure Learning y Canvas.<\/strong><\/p>\n\n\n\n<p class=\"has-black-color has-text-color has-background has-medium-font-size\" style=\"background-color:#0094a3\">Si este tema te ha resultado interesante y te gustar\u00eda contribuir o <strong>especializarte en la gesti\u00f3n del aprendizaje para espacios virtuales<\/strong>, puedes <strong><a href=\"https:\/\/educacionenlinea.uic.mx\/diplomados-en-linea\/programas\/gestion-del-aprendizaje-en-ambientes-virtuales.html\" target=\"_blank\" rel=\"noreferrer noopener\">dar clic aqu\u00ed<\/a><\/strong>.<\/p>\n","protected":false},"excerpt":{"rendered":"<p>La ense\u00f1anza es una actividad estrat\u00e9gica, que pone en evidencia el inter\u00e9s de un pa\u00eds por ofrecer a sus ciudadanos [&hellip;]<\/p>\n","protected":false},"author":3,"featured_media":82683,"comment_status":"closed","ping_status":"closed","sticky":false,"template":"","format":"standard","meta":{"footnotes":""},"categories":[69],"tags":[90,91,92,93,94,95],"class_list":["post-82467","post","type-post","status-publish","format-standard","has-post-thumbnail","hentry","category-educacion-continua","tag-ambientes-virtuales","tag-aulas-virtuales","tag-ava","tag-docentes","tag-educadores","tag-gestion-del-aprendizaje"],"yoast_head":"<!-- This site is optimized with the Yoast SEO plugin v27.0 - https:\/\/yoast.com\/product\/yoast-seo-wordpress\/ -->\n<title>Panorama de la gesti\u00f3n del aprendizaje en M\u00e9xico - Educaci\u00f3n en l\u00ednea UIC<\/title>\n<meta name=\"description\" content=\"Especialistas y consultores en educaci\u00f3n concuerdan en que la gesti\u00f3n del aprendizaje es uno de los pilares al que debe prestarse\u2026\" \/>\n<meta name=\"robots\" content=\"index, follow, max-snippet:-1, max-image-preview:large, max-video-preview:-1\" \/>\n<link rel=\"canonical\" href=\"https:\/\/educacionenlinea.uic.mx\/blog\/educacion-continua\/panorama-gestion-del-aprendizaje-mexico\/\" \/>\n<meta property=\"og:locale\" content=\"es_MX\" \/>\n<meta property=\"og:type\" content=\"article\" \/>\n<meta property=\"og:title\" content=\"Panorama de la gesti\u00f3n del aprendizaje en M\u00e9xico - Educaci\u00f3n en l\u00ednea UIC\" \/>\n<meta property=\"og:description\" content=\"Especialistas y consultores en educaci\u00f3n concuerdan en que la gesti\u00f3n del aprendizaje es uno de los pilares al que debe prestarse\u2026\" \/>\n<meta property=\"og:url\" content=\"https:\/\/educacionenlinea.uic.mx\/blog\/educacion-continua\/panorama-gestion-del-aprendizaje-mexico\/\" \/>\n<meta property=\"og:site_name\" content=\"Educaci\u00f3n en l\u00ednea UIC\" \/>\n<meta property=\"article:published_time\" content=\"2022-09-12T23:42:00+00:00\" \/>\n<meta property=\"article:modified_time\" content=\"2022-10-13T14:57:19+00:00\" \/>\n<meta property=\"og:image\" content=\"https:\/\/educacionenlinea.uic.mx\/blog\/wp-content\/uploads\/2022\/09\/Nota-03_Blog-22-01-scaled.jpg\" \/>\n\t<meta property=\"og:image:width\" content=\"2560\" \/>\n\t<meta property=\"og:image:height\" content=\"960\" \/>\n\t<meta property=\"og:image:type\" content=\"image\/jpeg\" \/>\n<meta name=\"author\" content=\"Lucero Ju\u00e1rez\" \/>\n<meta name=\"twitter:card\" content=\"summary_large_image\" \/>\n<meta name=\"twitter:label1\" content=\"Escrito por\" \/>\n\t<meta name=\"twitter:data1\" content=\"Lucero Ju\u00e1rez\" \/>\n\t<meta name=\"twitter:label2\" content=\"Tiempo de lectura\" \/>\n\t<meta name=\"twitter:data2\" content=\"4 minutos\" \/>\n<script type=\"application\/ld+json\" class=\"yoast-schema-graph\">{\"@context\":\"https:\/\/schema.org\",\"@graph\":[{\"@type\":\"Article\",\"@id\":\"https:\/\/educacionenlinea.uic.mx\/blog\/educacion-continua\/panorama-gestion-del-aprendizaje-mexico\/#article\",\"isPartOf\":{\"@id\":\"https:\/\/educacionenlinea.uic.mx\/blog\/educacion-continua\/panorama-gestion-del-aprendizaje-mexico\/\"},\"author\":{\"name\":\"Lucero Ju\u00e1rez\",\"@id\":\"https:\/\/educacionenlinea.uic.mx\/blog\/#\/schema\/person\/4676eebf557016077c4ffa18154deaa7\"},\"headline\":\"Panorama de la gesti\u00f3n del aprendizaje en M\u00e9xico\",\"datePublished\":\"2022-09-12T23:42:00+00:00\",\"dateModified\":\"2022-10-13T14:57:19+00:00\",\"mainEntityOfPage\":{\"@id\":\"https:\/\/educacionenlinea.uic.mx\/blog\/educacion-continua\/panorama-gestion-del-aprendizaje-mexico\/\"},\"wordCount\":690,\"image\":{\"@id\":\"https:\/\/educacionenlinea.uic.mx\/blog\/educacion-continua\/panorama-gestion-del-aprendizaje-mexico\/#primaryimage\"},\"thumbnailUrl\":\"https:\/\/educacionenlinea.uic.mx\/blog\/wp-content\/uploads\/2022\/09\/Nota-03_Blog-22-01-scaled.jpg\",\"keywords\":[\"Ambientes virtuales\",\"Aulas virtuales\",\"AVA\",\"Docentes\",\"Educadores\",\"Gesti\u00f3n del aprendizaje\"],\"articleSection\":[\"Educaci\u00f3n Continua\"],\"inLanguage\":\"es\"},{\"@type\":\"WebPage\",\"@id\":\"https:\/\/educacionenlinea.uic.mx\/blog\/educacion-continua\/panorama-gestion-del-aprendizaje-mexico\/\",\"url\":\"https:\/\/educacionenlinea.uic.mx\/blog\/educacion-continua\/panorama-gestion-del-aprendizaje-mexico\/\",\"name\":\"Panorama de la gesti\u00f3n del aprendizaje en M\u00e9xico - Educaci\u00f3n en l\u00ednea UIC\",\"isPartOf\":{\"@id\":\"https:\/\/educacionenlinea.uic.mx\/blog\/#website\"},\"primaryImageOfPage\":{\"@id\":\"https:\/\/educacionenlinea.uic.mx\/blog\/educacion-continua\/panorama-gestion-del-aprendizaje-mexico\/#primaryimage\"},\"image\":{\"@id\":\"https:\/\/educacionenlinea.uic.mx\/blog\/educacion-continua\/panorama-gestion-del-aprendizaje-mexico\/#primaryimage\"},\"thumbnailUrl\":\"https:\/\/educacionenlinea.uic.mx\/blog\/wp-content\/uploads\/2022\/09\/Nota-03_Blog-22-01-scaled.jpg\",\"datePublished\":\"2022-09-12T23:42:00+00:00\",\"dateModified\":\"2022-10-13T14:57:19+00:00\",\"author\":{\"@id\":\"https:\/\/educacionenlinea.uic.mx\/blog\/#\/schema\/person\/4676eebf557016077c4ffa18154deaa7\"},\"description\":\"Especialistas y consultores en educaci\u00f3n concuerdan en que la gesti\u00f3n del aprendizaje es uno de los pilares al que debe prestarse\u2026\",\"breadcrumb\":{\"@id\":\"https:\/\/educacionenlinea.uic.mx\/blog\/educacion-continua\/panorama-gestion-del-aprendizaje-mexico\/#breadcrumb\"},\"inLanguage\":\"es\",\"potentialAction\":[{\"@type\":\"ReadAction\",\"target\":[\"https:\/\/educacionenlinea.uic.mx\/blog\/educacion-continua\/panorama-gestion-del-aprendizaje-mexico\/\"]}]},{\"@type\":\"ImageObject\",\"inLanguage\":\"es\",\"@id\":\"https:\/\/educacionenlinea.uic.mx\/blog\/educacion-continua\/panorama-gestion-del-aprendizaje-mexico\/#primaryimage\",\"url\":\"https:\/\/educacionenlinea.uic.mx\/blog\/wp-content\/uploads\/2022\/09\/Nota-03_Blog-22-01-scaled.jpg\",\"contentUrl\":\"https:\/\/educacionenlinea.uic.mx\/blog\/wp-content\/uploads\/2022\/09\/Nota-03_Blog-22-01-scaled.jpg\",\"width\":2560,\"height\":960,\"caption\":\"gesti\u00f3n del aprendizaje en las aulas virtuales y presenciales\"},{\"@type\":\"BreadcrumbList\",\"@id\":\"https:\/\/educacionenlinea.uic.mx\/blog\/educacion-continua\/panorama-gestion-del-aprendizaje-mexico\/#breadcrumb\",\"itemListElement\":[{\"@type\":\"ListItem\",\"position\":1,\"name\":\"Inicio\",\"item\":\"https:\/\/educacionenlinea.uic.mx\/blog\/\"},{\"@type\":\"ListItem\",\"position\":2,\"name\":\"Panorama de la gesti\u00f3n del aprendizaje en M\u00e9xico\"}]},{\"@type\":\"WebSite\",\"@id\":\"https:\/\/educacionenlinea.uic.mx\/blog\/#website\",\"url\":\"https:\/\/educacionenlinea.uic.mx\/blog\/\",\"name\":\"Educaci\u00f3n en l\u00ednea UIC\",\"description\":\"Blog UIC Online\",\"potentialAction\":[{\"@type\":\"SearchAction\",\"target\":{\"@type\":\"EntryPoint\",\"urlTemplate\":\"https:\/\/educacionenlinea.uic.mx\/blog\/?s={search_term_string}\"},\"query-input\":{\"@type\":\"PropertyValueSpecification\",\"valueRequired\":true,\"valueName\":\"search_term_string\"}}],\"inLanguage\":\"es\"},{\"@type\":\"Person\",\"@id\":\"https:\/\/educacionenlinea.uic.mx\/blog\/#\/schema\/person\/4676eebf557016077c4ffa18154deaa7\",\"name\":\"Lucero Ju\u00e1rez\",\"image\":{\"@type\":\"ImageObject\",\"inLanguage\":\"es\",\"@id\":\"https:\/\/educacionenlinea.uic.mx\/blog\/#\/schema\/person\/image\/\",\"url\":\"https:\/\/secure.gravatar.com\/avatar\/5fcd0456fa2007de4e4ae291187360223c1751810cc7363e51863631a3271a85?s=96&d=mm&r=g\",\"contentUrl\":\"https:\/\/secure.gravatar.com\/avatar\/5fcd0456fa2007de4e4ae291187360223c1751810cc7363e51863631a3271a85?s=96&d=mm&r=g\",\"caption\":\"Lucero Ju\u00e1rez\"},\"url\":\"https:\/\/educacionenlinea.uic.mx\/blog\/author\/lucero\/\"}]}<\/script>\n<!-- \/ Yoast SEO plugin. -->","yoast_head_json":{"title":"Panorama de la gesti\u00f3n del aprendizaje en M\u00e9xico - Educaci\u00f3n en l\u00ednea UIC","description":"Especialistas y consultores en educaci\u00f3n concuerdan en que la gesti\u00f3n del aprendizaje es uno de los pilares al que debe prestarse\u2026","robots":{"index":"index","follow":"follow","max-snippet":"max-snippet:-1","max-image-preview":"max-image-preview:large","max-video-preview":"max-video-preview:-1"},"canonical":"https:\/\/educacionenlinea.uic.mx\/blog\/educacion-continua\/panorama-gestion-del-aprendizaje-mexico\/","og_locale":"es_MX","og_type":"article","og_title":"Panorama de la gesti\u00f3n del aprendizaje en M\u00e9xico - Educaci\u00f3n en l\u00ednea UIC","og_description":"Especialistas y consultores en educaci\u00f3n concuerdan en que la gesti\u00f3n del aprendizaje es uno de los pilares al que debe prestarse\u2026","og_url":"https:\/\/educacionenlinea.uic.mx\/blog\/educacion-continua\/panorama-gestion-del-aprendizaje-mexico\/","og_site_name":"Educaci\u00f3n en l\u00ednea UIC","article_published_time":"2022-09-12T23:42:00+00:00","article_modified_time":"2022-10-13T14:57:19+00:00","og_image":[{"width":2560,"height":960,"url":"https:\/\/educacionenlinea.uic.mx\/blog\/wp-content\/uploads\/2022\/09\/Nota-03_Blog-22-01-scaled.jpg","type":"image\/jpeg"}],"author":"Lucero Ju\u00e1rez","twitter_card":"summary_large_image","twitter_misc":{"Escrito por":"Lucero Ju\u00e1rez","Tiempo de lectura":"4 minutos"},"schema":{"@context":"https:\/\/schema.org","@graph":[{"@type":"Article","@id":"https:\/\/educacionenlinea.uic.mx\/blog\/educacion-continua\/panorama-gestion-del-aprendizaje-mexico\/#article","isPartOf":{"@id":"https:\/\/educacionenlinea.uic.mx\/blog\/educacion-continua\/panorama-gestion-del-aprendizaje-mexico\/"},"author":{"name":"Lucero Ju\u00e1rez","@id":"https:\/\/educacionenlinea.uic.mx\/blog\/#\/schema\/person\/4676eebf557016077c4ffa18154deaa7"},"headline":"Panorama de la gesti\u00f3n del aprendizaje en M\u00e9xico","datePublished":"2022-09-12T23:42:00+00:00","dateModified":"2022-10-13T14:57:19+00:00","mainEntityOfPage":{"@id":"https:\/\/educacionenlinea.uic.mx\/blog\/educacion-continua\/panorama-gestion-del-aprendizaje-mexico\/"},"wordCount":690,"image":{"@id":"https:\/\/educacionenlinea.uic.mx\/blog\/educacion-continua\/panorama-gestion-del-aprendizaje-mexico\/#primaryimage"},"thumbnailUrl":"https:\/\/educacionenlinea.uic.mx\/blog\/wp-content\/uploads\/2022\/09\/Nota-03_Blog-22-01-scaled.jpg","keywords":["Ambientes virtuales","Aulas virtuales","AVA","Docentes","Educadores","Gesti\u00f3n del aprendizaje"],"articleSection":["Educaci\u00f3n Continua"],"inLanguage":"es"},{"@type":"WebPage","@id":"https:\/\/educacionenlinea.uic.mx\/blog\/educacion-continua\/panorama-gestion-del-aprendizaje-mexico\/","url":"https:\/\/educacionenlinea.uic.mx\/blog\/educacion-continua\/panorama-gestion-del-aprendizaje-mexico\/","name":"Panorama de la gesti\u00f3n del aprendizaje en M\u00e9xico - Educaci\u00f3n en l\u00ednea UIC","isPartOf":{"@id":"https:\/\/educacionenlinea.uic.mx\/blog\/#website"},"primaryImageOfPage":{"@id":"https:\/\/educacionenlinea.uic.mx\/blog\/educacion-continua\/panorama-gestion-del-aprendizaje-mexico\/#primaryimage"},"image":{"@id":"https:\/\/educacionenlinea.uic.mx\/blog\/educacion-continua\/panorama-gestion-del-aprendizaje-mexico\/#primaryimage"},"thumbnailUrl":"https:\/\/educacionenlinea.uic.mx\/blog\/wp-content\/uploads\/2022\/09\/Nota-03_Blog-22-01-scaled.jpg","datePublished":"2022-09-12T23:42:00+00:00","dateModified":"2022-10-13T14:57:19+00:00","author":{"@id":"https:\/\/educacionenlinea.uic.mx\/blog\/#\/schema\/person\/4676eebf557016077c4ffa18154deaa7"},"description":"Especialistas y consultores en educaci\u00f3n concuerdan en que la gesti\u00f3n del aprendizaje es uno de los pilares al que debe prestarse\u2026","breadcrumb":{"@id":"https:\/\/educacionenlinea.uic.mx\/blog\/educacion-continua\/panorama-gestion-del-aprendizaje-mexico\/#breadcrumb"},"inLanguage":"es","potentialAction":[{"@type":"ReadAction","target":["https:\/\/educacionenlinea.uic.mx\/blog\/educacion-continua\/panorama-gestion-del-aprendizaje-mexico\/"]}]},{"@type":"ImageObject","inLanguage":"es","@id":"https:\/\/educacionenlinea.uic.mx\/blog\/educacion-continua\/panorama-gestion-del-aprendizaje-mexico\/#primaryimage","url":"https:\/\/educacionenlinea.uic.mx\/blog\/wp-content\/uploads\/2022\/09\/Nota-03_Blog-22-01-scaled.jpg","contentUrl":"https:\/\/educacionenlinea.uic.mx\/blog\/wp-content\/uploads\/2022\/09\/Nota-03_Blog-22-01-scaled.jpg","width":2560,"height":960,"caption":"gesti\u00f3n del aprendizaje en las aulas virtuales y presenciales"},{"@type":"BreadcrumbList","@id":"https:\/\/educacionenlinea.uic.mx\/blog\/educacion-continua\/panorama-gestion-del-aprendizaje-mexico\/#breadcrumb","itemListElement":[{"@type":"ListItem","position":1,"name":"Inicio","item":"https:\/\/educacionenlinea.uic.mx\/blog\/"},{"@type":"ListItem","position":2,"name":"Panorama de la gesti\u00f3n del aprendizaje en M\u00e9xico"}]},{"@type":"WebSite","@id":"https:\/\/educacionenlinea.uic.mx\/blog\/#website","url":"https:\/\/educacionenlinea.uic.mx\/blog\/","name":"Educaci\u00f3n en l\u00ednea UIC","description":"Blog UIC Online","potentialAction":[{"@type":"SearchAction","target":{"@type":"EntryPoint","urlTemplate":"https:\/\/educacionenlinea.uic.mx\/blog\/?s={search_term_string}"},"query-input":{"@type":"PropertyValueSpecification","valueRequired":true,"valueName":"search_term_string"}}],"inLanguage":"es"},{"@type":"Person","@id":"https:\/\/educacionenlinea.uic.mx\/blog\/#\/schema\/person\/4676eebf557016077c4ffa18154deaa7","name":"Lucero Ju\u00e1rez","image":{"@type":"ImageObject","inLanguage":"es","@id":"https:\/\/educacionenlinea.uic.mx\/blog\/#\/schema\/person\/image\/","url":"https:\/\/secure.gravatar.com\/avatar\/5fcd0456fa2007de4e4ae291187360223c1751810cc7363e51863631a3271a85?s=96&d=mm&r=g","contentUrl":"https:\/\/secure.gravatar.com\/avatar\/5fcd0456fa2007de4e4ae291187360223c1751810cc7363e51863631a3271a85?s=96&d=mm&r=g","caption":"Lucero Ju\u00e1rez"},"url":"https:\/\/educacionenlinea.uic.mx\/blog\/author\/lucero\/"}]}},"_links":{"self":[{"href":"https:\/\/educacionenlinea.uic.mx\/blog\/wp-json\/wp\/v2\/posts\/82467","targetHints":{"allow":["GET"]}}],"collection":[{"href":"https:\/\/educacionenlinea.uic.mx\/blog\/wp-json\/wp\/v2\/posts"}],"about":[{"href":"https:\/\/educacionenlinea.uic.mx\/blog\/wp-json\/wp\/v2\/types\/post"}],"author":[{"embeddable":true,"href":"https:\/\/educacionenlinea.uic.mx\/blog\/wp-json\/wp\/v2\/users\/3"}],"replies":[{"embeddable":true,"href":"https:\/\/educacionenlinea.uic.mx\/blog\/wp-json\/wp\/v2\/comments?post=82467"}],"version-history":[{"count":3,"href":"https:\/\/educacionenlinea.uic.mx\/blog\/wp-json\/wp\/v2\/posts\/82467\/revisions"}],"predecessor-version":[{"id":82670,"href":"https:\/\/educacionenlinea.uic.mx\/blog\/wp-json\/wp\/v2\/posts\/82467\/revisions\/82670"}],"wp:featuredmedia":[{"embeddable":true,"href":"https:\/\/educacionenlinea.uic.mx\/blog\/wp-json\/wp\/v2\/media\/82683"}],"wp:attachment":[{"href":"https:\/\/educacionenlinea.uic.mx\/blog\/wp-json\/wp\/v2\/media?parent=82467"}],"wp:term":[{"taxonomy":"category","embeddable":true,"href":"https:\/\/educacionenlinea.uic.mx\/blog\/wp-json\/wp\/v2\/categories?post=82467"},{"taxonomy":"post_tag","embeddable":true,"href":"https:\/\/educacionenlinea.uic.mx\/blog\/wp-json\/wp\/v2\/tags?post=82467"}],"curies":[{"name":"wp","href":"https:\/\/api.w.org\/{rel}","templated":true}]}}